{"id":840,"date":"2025-06-17T11:20:04","date_gmt":"2025-06-17T09:20:04","guid":{"rendered":"https:\/\/evd.fanzine.no\/?p=840"},"modified":"2025-06-17T11:20:04","modified_gmt":"2025-06-17T09:20:04","slug":"20-ar-siden-unge-enga-startet-en-vakker-dag-har-tatt-en-prat-med-de","status":"publish","type":"post","link":"https:\/\/evd.fanzine.no\/index.php\/2025\/06\/17\/20-ar-siden-unge-enga-startet-en-vakker-dag-har-tatt-en-prat-med-de\/","title":{"rendered":"20 \u00c5R SIDEN UNGE ENGA STARTET. EN VAKKER DAG HAR TATT EN PRAT MED DE."},"content":{"rendered":"\n<blockquote class=\"wp-block-quote is-layout-flow wp-block-quote-is-layout-flow\">\n<p>En Vakker Dag har fanget opp at det er hele 20 \u00e5r siden&nbsp; Unge Enga ble stiftet.&nbsp; Derfor har har man tatt en prat med&nbsp; &nbsp;hvordan dette skal markeres.&nbsp; Bli gjerne med videre.&nbsp;<\/p>\n\n\n\n<p>Gratulerer med 20 \u00e5rs jubileum, hvordan skal det feires?&nbsp;&nbsp;<\/p>\n<\/blockquote>\n\n\n\n<p>Takk for det, selv om &#8216;jubileum&#8217; blir litt feil ord kanskje, gruppa har jo ikke eksistert p\u00e5 18 \u00e5r. Vi skal markere at det er 20 \u00e5r siden vi starta, og det skjer til helga hjemme mot Molde. Ikke noe sv\u00e6re greier, men vi har i hvertfall funnet frem banneret..<\/p>\n\n\n\n<blockquote class=\"wp-block-quote is-layout-flow wp-block-quote-is-layout-flow\">\n<p>For de uvitende, hvorfor ble Enga startet i 2005?<\/p>\n<\/blockquote>\n\n\n\n<p>Unge Enga ble startet av en gjeng i EngaTifo som hadde stor interesse for italiensk tribunekultur. Vi f\u00f8lte at Klanen p\u00e5 den tiden hadde stagnert litt. Det var mange p\u00e5 Vestbredden,&nbsp; og p\u00e5 bortekamper for den del. Men vi ville v\u00e6re mer aktive, \u00e5 m\u00f8te opp og synge litt var ikke nok. Vi ville ha mer flagging, hopping og generelt mer bevegelse.&nbsp;<\/p>\n\n\n\n<blockquote class=\"wp-block-quote is-layout-flow wp-block-quote-is-layout-flow\">\n<p>Beste\/V\u00e6rste minne med Unge Enga?<\/p>\n<\/blockquote>\n\n\n\n<p>Det beste er nok alle turene vi var p\u00e5. Fantastiske minner fra Bergen, CL-kval i Brugge, Lerkendal, Kristiansand p\u00e5 16. mai. Bor\u00e5s i Royal League tok helt av. Vi hadde ogs\u00e5 en minibuss til T\u00f8nsberg n\u00e5r vi spilte mot Djurg\u00e5rden der.<\/p>\n\n\n\n<p>Det verste m\u00e5 nok v\u00e6re alle utestengelsene som gikk hardt utover gruppa. Sikkerhetsansvarlig p\u00e5 den tiden, vi kan kalle han Tom, var v\u00e5r st\u00f8rste motstander.&nbsp;<\/p>\n\n\n\n<blockquote class=\"wp-block-quote is-layout-flow wp-block-quote-is-layout-flow\">\n<p>N\u00e5, 20 \u00e5r etter, hvordan syns man utviklingen p\u00e5 tribunen har v\u00e6rt?<\/p>\n<\/blockquote>\n\n\n\n<p>Det har v\u00e6rt fantastisk, \u00d8stblokka de siste \u00e5rene holder h\u00f8yt niv\u00e5. P\u00e5 mange m\u00e5ter kan vi si at det Blokka er n\u00e5, var det vi dr\u00f8mte om i 2005. Det er mye unge folk p\u00e5 match, og et mer seri\u00f8st preg over det hele. Folk er inne p\u00e5 stadion tidlig, og det er ikke s\u00e5 mye fyll som det var f\u00f8r.&nbsp;<\/p>\n\n\n\n<blockquote class=\"wp-block-quote is-layout-flow wp-block-quote-is-layout-flow\">\n<p>N\u00e5 til matchen hjemmematchen mot Molde&nbsp; selges det merch stemmer det?<\/p>\n<\/blockquote>\n\n\n\n<p>Ja, det stemmer. Vi har skjerf, t-skjorter og stickers. Vi selger i trappa ved \u00d8ST f\u00f8r kamp.<\/p>\n\n\n\n<blockquote class=\"wp-block-quote is-layout-flow wp-block-quote-is-layout-flow\">\n<p>Kun, cash, eller kan man bruke vipps ogs\u00e5?<\/p>\n<\/blockquote>\n\n\n\n<p>Cash og vipps funker like godt. Kjenner jeg milj\u00f8et rett, s\u00e5 finnes det noen selvstendig n\u00e6ringsdrivende p\u00e5 tribunen..<\/p>\n\n\n\n<blockquote class=\"wp-block-quote is-layout-flow wp-block-quote-is-layout-flow\">\n<p>Hvis man g\u00e5r i overskudd, hva g\u00e5r pengene til da?<\/p>\n<\/blockquote>\n\n\n\n<p>Det g\u00e5r tilbake til tribunen eller lignende gode form\u00e5l. EngaTifo fortjener i hvertfall noen kroner. Det er helt nydelig \u00e5 se hva dem presterer for tida!<\/p>\n\n\n\n<blockquote class=\"wp-block-quote is-layout-flow wp-block-quote-is-layout-flow\">\n<p>Det er alts\u00e5 20 \u00e5r siden Unge Enga ble stiftet, da ble V\u00e5lerenga Fotball sitt herrelag seriemestere. M\u00e5 vi vente nye 20 \u00e5r?<\/p>\n<\/blockquote>\n\n\n\n<p>Vi h\u00e5per jo ikke det, men i \u00e5r blir det en lang, tung og deilig h\u00f8st.&nbsp;<\/p>\n\n\n\n<p>\/UE&#8217;05<\/p>\n","protected":false},"excerpt":{"rendered":"<p>En Vakker Dag har fanget opp at det er hele 20 \u00e5r siden&nbsp; Unge Enga ble stiftet.&nbsp; Derfor har har man tatt en prat med&nbsp; &nbsp;hvordan dette skal markeres.&nbsp; Bli gjerne med videre.&nbsp; Gratulerer med 20 \u00e5rs jubileum, hvordan skal det feires?&nbsp;&nbsp; Takk for det, selv om &#8216;jubileum&#8217; blir litt feil ord kanskje, gruppa har [&hellip;]<\/p>\n","protected":false},"author":2,"featured_media":0,"comment_status":"closed","ping_status":"open","sticky":false,"template":"","format":"standard","meta":{"footnotes":""},"categories":[2],"tags":[],"class_list":["post-840","post","type-post","status-publish","format-standard","hentry","category-supporterlivet"],"_links":{"self":[{"href":"https:\/\/evd.fanzine.no\/index.php\/wp-json\/wp\/v2\/posts\/840","targetHints":{"allow":["GET"]}}],"collection":[{"href":"https:\/\/evd.fanzine.no\/index.php\/wp-json\/wp\/v2\/posts"}],"about":[{"href":"https:\/\/evd.fanzine.no\/index.php\/wp-json\/wp\/v2\/types\/post"}],"author":[{"embeddable":true,"href":"https:\/\/evd.fanzine.no\/index.php\/wp-json\/wp\/v2\/users\/2"}],"replies":[{"embeddable":true,"href":"https:\/\/evd.fanzine.no\/index.php\/wp-json\/wp\/v2\/comments?post=840"}],"version-history":[{"count":1,"href":"https:\/\/evd.fanzine.no\/index.php\/wp-json\/wp\/v2\/posts\/840\/revisions"}],"predecessor-version":[{"id":841,"href":"https:\/\/evd.fanzine.no\/index.php\/wp-json\/wp\/v2\/posts\/840\/revisions\/841"}],"wp:attachment":[{"href":"https:\/\/evd.fanzine.no\/index.php\/wp-json\/wp\/v2\/media?parent=840"}],"wp:term":[{"taxonomy":"category","embeddable":true,"href":"https:\/\/evd.fanzine.no\/index.php\/wp-json\/wp\/v2\/categories?post=840"},{"taxonomy":"post_tag","embeddable":true,"href":"https:\/\/evd.fanzine.no\/index.php\/wp-json\/wp\/v2\/tags?post=840"}],"curies":[{"name":"wp","href":"https:\/\/api.w.org\/{rel}","templated":true}]}}