{"id":501,"date":"2024-02-16T17:10:59","date_gmt":"2024-02-16T16:10:59","guid":{"rendered":"https:\/\/evd.fanzine.no\/?p=501"},"modified":"2024-02-16T17:10:59","modified_gmt":"2024-02-16T16:10:59","slug":"sondag-25-februar-braker-det-los-for-valerenga-ski","status":"publish","type":"post","link":"https:\/\/evd.fanzine.no\/index.php\/2024\/02\/16\/sondag-25-februar-braker-det-los-for-valerenga-ski\/","title":{"rendered":"S\u00d8NDAG 25.FEBRUAR BRAKER DET L\u00d8S FOR V\u00c5LERENGA SKI"},"content":{"rendered":"\n<p>EVD har intervjuet Eirik Stubdal R\u00f8er i V\u00e5lerenga Ski f\u00f8r. Men n\u00e5 er det like f\u00f8r det braker l\u00f8s.\u00a0Neste s\u00f8ndag\u00a0alts\u00e5 \u00a025. februarstiller V\u00e5lerenga Ski stafettlag for herrer i NM. 3 ganger 10 km p\u00e5 Beitost\u00f8len. Er du i n\u00e6rheten ta turen, hvis ikke benk deg ned foran tv eller radioapparatet ca\u00a0klokka 13\u00a000 s\u00e5 f\u00e5r du fulgt med. NRK er som vanlig p\u00e5 plass. \u00a0Men EVD har tatt en prat med Eirik, bli gjerne med videre.<br><br><br>N\u00e5 hvordan er pulsen n\u00e5 f\u00f8r NM?<\/p>\n\n\n\n<p><br>Vi merker at det n\u00e6rmer seg. Treningsiveren har v\u00e6rt st\u00f8rre hos alle p\u00e5 laget de siste ukene, og jeg h\u00e5per vi sitter med en fornuftig blanding av spenning glede. NM er folkefest, og vi h\u00e5per \u00e5 bidra til festen.<br><br><br>Hvor mye har dere trent?<\/p>\n\n\n\n<p><br>Ingen av oss er toppidrettsut\u00f8vere, men vi har forberedt oss s\u00e5 godt det lar seg gj\u00f8re i kombinasjon med jobb og andre gj\u00f8rem\u00e5l. I snitt ligger vi kanskje p\u00e5 i underkant av 10 treningstimer i uka.<br><br><br>Hvilket ambisjoner har dere f\u00f8r stafetten?<\/p>\n\n\n\n<p><br>M\u00e5let er enkelt og greit \u00e5 sette V\u00e5lerenga p\u00e5 kartet ogs\u00e5 i ski-Norge, og jeg skal love at vi skal v\u00e6re synlige. Vi har med bluss og storflagg, og merker allerede interesse b\u00e5de i milj\u00f8et og blant pressen.<br><br><br>Er det klassik eller fristill?<\/p>\n\n\n\n<p><br>Begge deler. 1. etappe g\u00e5r i klassisk, de to neste i fristil. Andreetappen bytter stilart annethvert \u00e5r.<br><br><br>Favoritter er dere vel ikke, hvilken plassering blir det?<\/p>\n\n\n\n<p><br>Vi g\u00e5r for 7. plassen. Neida, selv det er nok \u00e5 sikte litt h\u00f8yt i denne sammenhengen. Jeg tror vi f\u00e5r n\u00f8ye oss med \u00e5 v\u00e6re blant de bakerste lagene, men vi h\u00e5per selvf\u00f8lgelig \u00e5 plassere noen bak oss.<br><br><br>Blir det noen supportere som kommer til \u00e5 heie p\u00e5 dere?<\/p>\n\n\n\n<p><br>Det vet jeg ikke, men vi h\u00e5per selvf\u00f8lgelig p\u00e5 det. Det er jo vinterferie, og kanskje er det noen som er p\u00e5 Beitost\u00f8len?<br><br><br>Nevn 3 gode grunner til at folk skal ta turen til Beito neste helg?<\/p>\n\n\n\n<p><br>Ski-NM er folkefest, og stafetten er det st\u00f8rste h\u00f8ydepunktet. Kan love god stemning!<br>Alle med et hjerte for ski og V\u00e5lerenga b\u00f8r v\u00e6re tilstede ved en historisk begivenhet som dette.<br>Vi trenger all den st\u00f8tte vi kan f\u00e5!<br><br><br>Om dere ikke vinner, s\u00e5 vinner dere vel banketten i kjent V\u00e5lerenga stil?<\/p>\n\n\n\n<p><br>Jeg burde sikkert svart ja p\u00e5 det, men vi har alle planer om \u00e5 g\u00e5 femmila i NM \u00e9n m\u00e5ned senere, s\u00e5 jeg tror vi i f\u00f8rste omgang sikter oss inn p\u00e5 beholde formen mot det. Etter NM del 2 derimot\u2026<br><br><br>Pleier man \u00e5 g\u00e5 bananas i kiosken etter ett renn?. Eventuelt hva kj\u00f8pes da?<br>Hehe, bananas er det vel ingen som g\u00e5r, men det g\u00e5r i det vanlige. Vafler, kaker, p\u00f8lser og brus. Noen topper det ved \u00e5 tilby burgere, mens marerittet er \u00e5 v\u00e6re i nord og f\u00e5 kokte grillp\u00f8lser.<br><br><br>Hvis man blir bitt av basillen, hvor kan man melde seg inn for V\u00e5lerenga Ski?<\/p>\n\n\n\n<p><br>Bare \u00e5 melde seg inn via minidrett eller ved \u00e5 sende en mail til styret. Alle er velkomne!<br><br><br>Kanskje noen sitter med mye penger, dere sier vel ikke nei takk til sponsing?<\/p>\n\n\n\n<p><br>Definitivt ikke! Samtidig er det en viss sjarm i \u00e5 drive p\u00e5 lavbudsjett, og det viktigste er tross alt at du har hjerte for V\u00e5lerenga og er villig til \u00e5 bl\u00f8 for drakta.<br><br><br>Hvor er V\u00e5lerenga Ski om 5 \u00e5r?<\/p>\n\n\n\n<p><br>Jeg er glad i \u00e5 tenke stort, s\u00e5 jeg f\u00e5r lyst til \u00e5 si at vi da har et lag som kjemper om NM-medalje i stafetten. Og det b\u00f8r samtidig gi grobunn for god rekruttering.<br><br><br>Lykke til i stafetten og ikke minst videre<\/p>\n\n\n\n<p>F\u00f8rste intervjuet med Eirik kan leses her: <\/p>\n\n\n\n<figure class=\"wp-block-embed is-type-wp-embed is-provider-en-vakker-dag wp-block-embed-en-vakker-dag\"><div class=\"wp-block-embed__wrapper\">\n<blockquote class=\"wp-embedded-content\" data-secret=\"v9OED3e8XN\"><a href=\"https:\/\/evd.fanzine.no\/index.php\/2023\/10\/04\/intervju-med-eirik-om-langrenn-fotball-og-valerenga\/\">INTERVJU MED EIRIK OM LANGRENN, FOTBALL OG V\u00c5LERENGA.<\/a><\/blockquote><iframe loading=\"lazy\" class=\"wp-embedded-content\" sandbox=\"allow-scripts\" security=\"restricted\" style=\"position: absolute; clip: rect(1px, 1px, 1px, 1px);\" title=\"&laquo;INTERVJU MED EIRIK OM LANGRENN, FOTBALL OG V\u00c5LERENGA.&raquo; &#8212; En Vakker Dag\" src=\"https:\/\/evd.fanzine.no\/index.php\/2023\/10\/04\/intervju-med-eirik-om-langrenn-fotball-og-valerenga\/embed\/#?secret=MsZMNlsEHv#?secret=v9OED3e8XN\" data-secret=\"v9OED3e8XN\" width=\"600\" height=\"338\" frameborder=\"0\" marginwidth=\"0\" marginheight=\"0\" scrolling=\"no\"><\/iframe>\n<\/div><\/figure>\n","protected":false},"excerpt":{"rendered":"<p>EVD har intervjuet Eirik Stubdal R\u00f8er i V\u00e5lerenga Ski f\u00f8r. Men n\u00e5 er det like f\u00f8r det braker l\u00f8s.\u00a0Neste s\u00f8ndag\u00a0alts\u00e5 \u00a025. februarstiller V\u00e5lerenga Ski stafettlag for herrer i NM. 3 ganger 10 km p\u00e5 Beitost\u00f8len. Er du i n\u00e6rheten ta turen, hvis ikke benk deg ned foran tv eller radioapparatet ca\u00a0klokka 13\u00a000 s\u00e5 f\u00e5r du [&hellip;]<\/p>\n","protected":false},"author":2,"featured_media":0,"comment_status":"closed","ping_status":"open","sticky":false,"template":"","format":"standard","meta":{"footnotes":""},"categories":[2],"tags":[],"class_list":["post-501","post","type-post","status-publish","format-standard","hentry","category-supporterlivet"],"_links":{"self":[{"href":"https:\/\/evd.fanzine.no\/index.php\/wp-json\/wp\/v2\/posts\/501","targetHints":{"allow":["GET"]}}],"collection":[{"href":"https:\/\/evd.fanzine.no\/index.php\/wp-json\/wp\/v2\/posts"}],"about":[{"href":"https:\/\/evd.fanzine.no\/index.php\/wp-json\/wp\/v2\/types\/post"}],"author":[{"embeddable":true,"href":"https:\/\/evd.fanzine.no\/index.php\/wp-json\/wp\/v2\/users\/2"}],"replies":[{"embeddable":true,"href":"https:\/\/evd.fanzine.no\/index.php\/wp-json\/wp\/v2\/comments?post=501"}],"version-history":[{"count":1,"href":"https:\/\/evd.fanzine.no\/index.php\/wp-json\/wp\/v2\/posts\/501\/revisions"}],"predecessor-version":[{"id":502,"href":"https:\/\/evd.fanzine.no\/index.php\/wp-json\/wp\/v2\/posts\/501\/revisions\/502"}],"wp:attachment":[{"href":"https:\/\/evd.fanzine.no\/index.php\/wp-json\/wp\/v2\/media?parent=501"}],"wp:term":[{"taxonomy":"category","embeddable":true,"href":"https:\/\/evd.fanzine.no\/index.php\/wp-json\/wp\/v2\/categories?post=501"},{"taxonomy":"post_tag","embeddable":true,"href":"https:\/\/evd.fanzine.no\/index.php\/wp-json\/wp\/v2\/tags?post=501"}],"curies":[{"name":"wp","href":"https:\/\/api.w.org\/{rel}","templated":true}]}}