{"id":378,"date":"2024-01-06T22:56:56","date_gmt":"2024-01-06T21:56:56","guid":{"rendered":"https:\/\/evd.fanzine.no\/?p=378"},"modified":"2024-01-06T22:56:56","modified_gmt":"2024-01-06T21:56:56","slug":"intervju-med-lyn-supporter-aleks","status":"publish","type":"post","link":"https:\/\/evd.fanzine.no\/index.php\/2024\/01\/06\/intervju-med-lyn-supporter-aleks\/","title":{"rendered":"INTERVJU MED LYN SUPPORTER ALEKS"},"content":{"rendered":"\n<p>Rett p\u00e5 sak, hvem er Aleks?<\/p>\n\n\n\n<p>Jeg er en T\u00e5sen-gutt p\u00e5 37 som har forvillet meg over p\u00e5 feil side av byen og sl\u00e5tt meg til ro der. Forventer en innbitt kamp mot lokalmilj\u00f8et for \u00e5 forhindre at mine to barn (begge aksjon\u00e6rer i Lyns AS samt medlemmer i Lyn og Bastionen) ender i VIF. Sikter p\u00e5 CBK og s\u00e5 f\u00e5r vi h\u00e5pe det ender p\u00e5 r\u00f8dtrikken opp til Kringsj\u00e5. Tilbrakte mine formative ungdoms\u00e5r b\u00e5de bak og foran caf\u00e9disken p\u00e5 Blitz og er dermed mer orientert mot middelklasse-akademiker-Lyn enn b\u00f8rs og yacht-Lyn.<\/p>\n\n\n\n<p>Du lager podcast fortell om dette prosjektet&nbsp; og hvorfor skal man lytte?<\/p>\n\n\n\n<p>F\u00f8rste episode ble spilt inn i 2015 i det nedrykket til gamle tredjedivisjon var i ferd med \u00e5 bli et faktum. \u00abLyn-media\u00bb p\u00e5 den tiden var dominert av surmuling og br\u00f8nnpissing fra sladrebladet LFM. Vi \u00f8nsket \u00e5 v\u00e6re et korrektiv til dette med en noe mer positiv innstilling til rikets tilstand. Klart det ble surmuling ogs\u00e5 fra v\u00e5r side da oppholdet p\u00e5 niv\u00e5 fire varte og rakk, men vi liker \u00e5 tro at vi har klart \u00e5 holde det lettbeint og for det meste konstruktivt tross alt.<\/p>\n\n\n\n<p>Podden springer ut av tribunekulturen rundt Lyn, og etter at Lyn-fanzinen \u00abIntet nytt fra Vestkanten\u00bb trakk inn \u00e5rene fantes det utvilsomt et tomrom rundt Lyn det var et behov for \u00e5 fylle. F\u00f8ler at vi over tid har lykkes t\u00e5lelig greit med \u00e5 videref\u00f8re de vesentligste aspektene av den arven. Og s\u00e5 m\u00e5 det selvf\u00f8lgelig sies at en retur for den gamle blekka hadde v\u00e6rt sv\u00e6rt kj\u00e6rkomment.<\/p>\n\n\n\n<p>Man burde h\u00f8re p\u00e5 Vestkanttribunalet hvis man vil ha en uavhengig take p\u00e5 hva som skjer i Lyn, er glad i tribunekultur og vil kjenne litt p\u00e5 nerven rundt en historisk klubb i voldsom vekst og fremgang. Noen skal ogs\u00e5 ha det til at vi er flinke p\u00e5 det vi driver med. Gi oss et lytt og d\u00f8m selv!<\/p>\n\n\n\n<p>V\u00e6rt en lang reise p\u00e5 vei tilbake etter man gikk konk. N\u00e5 er laget p\u00e5 niv\u00e5 2. Hvordan har reisen v\u00e6rt?<\/p>\n\n\n\n<p>For det meste j\u00e6vlig frustrerende. \u00c5rene 2010-2012 var en oppvisning i totaldominans med en serie opprykk som konsekvens. Men etter \u00e5 ha toppet tabellen tre strake \u00e5r begynte det \u00e5 harke s\u00e5 sm\u00e5tt i maskineriet. Fjerdeplassen i andredivisjon i 2013 var l\u00f8fterik, men derfra og til og med 2021 tr\u00e5kket vi p\u00e5 landmine etter landmine. \u00c5 rykke ned i 2015 sugde, \u00e5 havne p\u00e5 sjetteplass i tredjedivisjon i 2019 sugde, \u00e5 v\u00e6re Oslos niende beste lag med minst mulig margin foran Lokomotiv Oslo sugde, \u00e5 se andrelag ta opprykk mens vi famlet sugde, \u00e5 ha Korsvoll og Frigg som rivaler sugde, \u00e5 v\u00e6re Norges nest beste Lyn bak Gj\u00f8vik-Lyn sugde.&nbsp;<\/p>\n\n\n\n<p>Selvf\u00f8lgelig har alle de sure \u00e5rene v\u00e6rt ispedd masse kule \u00f8yeblikk som en stor cupkamp her og der, og for eksempel da vi ufortjent slo Stab\u00e6k 2 i 2017 og trodde vi skulle g\u00e5 opp til andredivisjon. Vi crowdsurfet i midtgangen p\u00e5 bussen som tok oss inn til byen og omm\u00f8blerte den en smule i gledesrus fordi vi var helt sikre p\u00e5 at den skulle vrakes og at dette var sistereis. Etter en helhetsvurdering endte den til slutt med \u00e5 bli vraket.&nbsp;<\/p>\n\n\n\n<p>Og selvf\u00f8lgelig har vi de to siste sesongene som har bekreftet det vi har visst hele tiden: Lyn er en klubb med et enormt potensiale. To strake opprykk er ekstremt og spesielt det siste. N\u00e5 er vi tilbake p\u00e5 niv\u00e5et vi var da vi gikk konkurs og det f\u00f8les ufattelig godt at vi endelig kan si oss ferdige med det kapittelet i klubbens historie. Det er selvf\u00f8lgelig ogs\u00e5 veldig gledelig \u00e5 se at tribunelivet har fulgt den samme voldsomme fremgangen. N\u00e5 er det mer livat p\u00e5 tribunen enn samtlige \u00e5r etter konkursen og en god del av de som ledet opp til den. Fremtiden er lys og vi er sv\u00e6rt klare til \u00e5 sette preg p\u00e5 f\u00f8rstedivisjon kommende sesong.<\/p>\n\n\n\n<p>De supporterne som samler p\u00e5 baner, har vel f\u00e5tt en del baner fra Ekeberg bane 17 i 6 div osv?<\/p>\n\n\n\n<p>Definitivt. Selv har jeg tatt&nbsp;69 av mine totalt74 baner i ved \u00e5 se Lyn spille alt fra sjette- til andredivisjonsfotball. Kuriositeter som Bj\u00f8lsen kunstgress, Grorud kunstgress (den andre banen p\u00e5 Grorud) og Vestli kunstgress er definitivt krydder p\u00e5 lista som selv Marius Helg\u00e5 hadde v\u00e6rt stolt av. Kronjuvelen er COOP banen kunstgress da jeg dro for \u00e5 se Lyn spille borte mot det andre laget i Alta. Schei\u00dfe Bossekop!<\/p>\n\n\n\n<p>Lyn er medlemsstyrt som klubb?. Hvor viktig er det for vanlig supportere \u00e5 melde seg&nbsp; inn og bidra?<\/p>\n\n\n\n<p>Det er selvf\u00f8lgelig veldig viktig. Lyn har dessverre et forholdsvis svakt medlemsdemokrati og gj\u00f8r sn\u00e5le gubbevendinger fra tid til annen. Plutselig skal vi spille p\u00e5 Kringsj\u00e5 fremfor Bislett, og s\u00e5 skal klubben skifte navn fra Lyn Toppfotball til Lyn 1896 FK. I krisetider har vi hatt godt bes\u00f8kte \u00e5rsm\u00f8ter, men per i dag er det d\u00e5rlig oppm\u00f8te. Sikkert en konsekvens av at klubben i \u00f8yeblikket g\u00e5r s\u00e5 det griner. S\u00e5 kan man jo sp\u00f8rre seg om det ikke er en god anledning til \u00e5 mobilisere litt og f\u00e5 gjennom prinsipielt viktige ting som motstand mot VAR, motstand mot sportsvasking osv.<\/p>\n\n\n\n<p>Sesongen 2024 da, Oslo derby igjen&nbsp; blir vel bra?.&nbsp; Skal \u00e5rets kamper spilles p\u00e5 Bislett&nbsp; ogs\u00e5?<\/p>\n\n\n\n<p>Vi skulle selvf\u00f8lgelig helst sett at derbyet skjedde p\u00e5 \u00f8verste niv\u00e5, men vi takker ikke nei til hverken Norges st\u00f8rste derby eller at VIF roter det til for seg selv. Det er i all hovedsak de jevnlige (og stadig jevnere) cupkampene mot VIF som har vist at vi har livets rett som toppklubb, og n\u00e5 m\u00f8tes vi i serien. For to \u00e5r siden hadde vi derby-kamper mot Nordstrand, Oppsal, Ready, Grei og Lokomotiv Oslo, og det er vanskelig \u00e5 si noe annet enn at vi foretrekker 2024-varianten av \u00e5 spille Oslo-derby. Det kommer til \u00e5 bli et j\u00e6vla kok, og i \u00e5r sl\u00e5r vi dem for f\u00f8rste gang siden 2008.&nbsp;<\/p>\n\n\n\n<p>Lyns hjemmebane denne sesongen blir Bislett med Nadderud som reservebane n\u00e5r Bislett er utilgjengelig. Kampen mot VIF kommer til \u00e5 g\u00e5 p\u00e5 Ullevaal stadion.<\/p>\n\n\n\n<p>Hvilket andre matcher ser du fram till?.&nbsp;<\/p>\n\n\n\n<p>\u00c6rverdige klubber som Kongsvinger, Moss og Start blir g\u00f8y. H\u00e5per S\u00f8r arena fortsatt st\u00e5r i juni! Blir nok litt sving over kampene mot Stab\u00e6k ogs\u00e5. Er spent p\u00e5 \u00e5 se bortef\u00f8lgene og oppleve litt tribuneliv ogs\u00e5 p\u00e5 bortekampene.<\/p>\n\n\n\n<p>Hvilket 2 lag rykker opp?<\/p>\n\n\n\n<p>Stab\u00e6k fremst\u00e5r som det mest troverdige opprykkslaget per n\u00e5. Andreplassen tror jeg blir et mellom KIL, Ranheim og VIF. H\u00e5per Ranheim tar det,men det er mest fordi jeg vil se Kongsvinger dunke VIF ut av en kvalik.<\/p>\n\n\n\n<p>Hvilken plass f\u00e5r Lyn?<\/p>\n\n\n\n<p>Hjertet sier sjetteplass og mer kvalik-kj\u00f8r inn i adventstiden. Hjernen sier at det er litt vanskelig \u00e5 sp\u00e5 fordi Jan Halvor Halvorsens Lyn fremdeles ikke har n\u00e5dd taket. Gjetter s\u00e5nn omtrent midt p\u00e5 tabellen, og selv om jeg ikke utelukker \u00f8vre halvdel s\u00e5 blir det nok mest sannsynlig en respektabel plassering p\u00e5 nedre halvdel.<\/p>\n\n\n\n<p>Noen skjult perle av pub eller spistested du vil anbefale til folk som skal til Oslo?<\/p>\n\n\n\n<p>Er selvf\u00f8lgelig forpliktet til \u00e5 si T\u00e5sen caf\u00e9bar, men vil ogs\u00e5 trekke Fram Roald og Umberto i Gamlebyen. Str\u00e5lende italiensk mat og av kul\u00f8r kan de stille med et trangt lokale og en innehaver som tar en trall p\u00e5 anlegget n\u00e5r han f\u00f8ler for det. Ogs\u00e5 selvf\u00f8lgelig caf\u00e9 Blitz da. Alltid caf\u00e9 Blitz.<\/p>\n\n\n\n<p>Har du ett tips om en podcast eller bok leserne b\u00f8r f\u00e5 med seg?<\/p>\n\n\n\n<p>Det er for mange mannfolk i fotballen! Selv fors\u00f8ker vi oss p\u00e5 litt kj\u00f8nnskvotering, og lykkes s\u00e5nn passe. Derfor vi jeg trekke frem podkasten \u00abMer enn 4-4-2\u00bb som er en podkast av og for kvinner i fotball. Av b\u00f8ker vil jeg anbefale \u00abjeg lever et liv som ligner deres\u00bb av Jan Grue. Den er selvbiografisk om hvordan det er \u00e5 orientere seg i et samfunn laget for mennesker med normale fysisk evner n\u00e5r man selv har en skj\u00f8r og s\u00e5rbar kropp. Hvordan preger det identitet, relasjoner, fremtidsutsikter osv. Har null og niks med fotball \u00e5 gj\u00f8re, men livet skal da inneholde litt annet ogs\u00e5.<\/p>\n\n\n\n<p>Hvor er Lyn om 5 \u00e5r?<\/p>\n\n\n\n<p>Om Jan Halvor Halvorsen tar en tre\u00e5rskontrakt til (han er inne i sitt tredje og siste kontrakts\u00e5r i 2024) er vi i Eliteserien. Hvis ikke frekventerer vi opprykkskvalik og er et av lokomotivene i f\u00f8rstedivisjon. P\u00e5 tribunen holder vi respektabelt Eliteserieniv\u00e5 og er best eller nest best i f\u00f8rstedivisjon. 2009-og 2010-gutta har for alvor begynt \u00e5 gj\u00f8re sitt inntog p\u00e5 a-laget og alle som spiller fotball p\u00e5 vestkanten vil til Lyn. Stadion-prosjektet har til slutt begynt \u00e5 ta \u00f8rlitegrann form, og behovet for Lyns evige kronerullinger har avtatt en smule.<\/p>\n\n\n\n<p>Takk for intervjuet og lykke til videre.<\/p>\n","protected":false},"excerpt":{"rendered":"<p>Rett p\u00e5 sak, hvem er Aleks? Jeg er en T\u00e5sen-gutt p\u00e5 37 som har forvillet meg over p\u00e5 feil side av byen og sl\u00e5tt meg til ro der. Forventer en innbitt kamp mot lokalmilj\u00f8et for \u00e5 forhindre at mine to barn (begge aksjon\u00e6rer i Lyns AS samt medlemmer i Lyn og Bastionen) ender i VIF. [&hellip;]<\/p>\n","protected":false},"author":2,"featured_media":0,"comment_status":"closed","ping_status":"open","sticky":false,"template":"","format":"standard","meta":{"footnotes":""},"categories":[2],"tags":[],"class_list":["post-378","post","type-post","status-publish","format-standard","hentry","category-supporterlivet"],"_links":{"self":[{"href":"https:\/\/evd.fanzine.no\/index.php\/wp-json\/wp\/v2\/posts\/378","targetHints":{"allow":["GET"]}}],"collection":[{"href":"https:\/\/evd.fanzine.no\/index.php\/wp-json\/wp\/v2\/posts"}],"about":[{"href":"https:\/\/evd.fanzine.no\/index.php\/wp-json\/wp\/v2\/types\/post"}],"author":[{"embeddable":true,"href":"https:\/\/evd.fanzine.no\/index.php\/wp-json\/wp\/v2\/users\/2"}],"replies":[{"embeddable":true,"href":"https:\/\/evd.fanzine.no\/index.php\/wp-json\/wp\/v2\/comments?post=378"}],"version-history":[{"count":1,"href":"https:\/\/evd.fanzine.no\/index.php\/wp-json\/wp\/v2\/posts\/378\/revisions"}],"predecessor-version":[{"id":379,"href":"https:\/\/evd.fanzine.no\/index.php\/wp-json\/wp\/v2\/posts\/378\/revisions\/379"}],"wp:attachment":[{"href":"https:\/\/evd.fanzine.no\/index.php\/wp-json\/wp\/v2\/media?parent=378"}],"wp:term":[{"taxonomy":"category","embeddable":true,"href":"https:\/\/evd.fanzine.no\/index.php\/wp-json\/wp\/v2\/categories?post=378"},{"taxonomy":"post_tag","embeddable":true,"href":"https:\/\/evd.fanzine.no\/index.php\/wp-json\/wp\/v2\/tags?post=378"}],"curies":[{"name":"wp","href":"https:\/\/api.w.org\/{rel}","templated":true}]}}