{"id":370,"date":"2024-01-05T09:50:57","date_gmt":"2024-01-05T08:50:57","guid":{"rendered":"https:\/\/evd.fanzine.no\/?p=370"},"modified":"2024-01-05T09:50:57","modified_gmt":"2024-01-05T08:50:57","slug":"intervju-med-start-supporter-lars-martin-gimse","status":"publish","type":"post","link":"https:\/\/evd.fanzine.no\/index.php\/2024\/01\/05\/intervju-med-start-supporter-lars-martin-gimse\/","title":{"rendered":"INTERVJU MED START SUPPORTER LARS MARTIN GIMSE"},"content":{"rendered":"\n<p>Hvem er Lars Martin Gimse?<\/p>\n\n\n\n<p>Jeg er 40 \u00e5r gammel tobarnsfar, som lever i eksil i \u00c5s, jobber som journalist i Norges mest elskede tabloidavis Dagbladet og er godt over snittet opptatt av Start, tung musikk og m\u00f8rk \u00f8l.&nbsp;<\/p>\n\n\n\n<p>Tror du Start blir f\u00f8rste norske fotballklubb som blir meldt p\u00e5 i Luksusfellen?<\/p>\n\n\n\n<p>Haha, det blir vel Start eller V\u00e5elerenga tenker jeg \ud83d\ude09<\/p>\n\n\n\n<p>P\u00e5 en skala&nbsp;fra 1-6, hvor mye kaos er det i Start?<\/p>\n\n\n\n<p>Hvis ikke det siste \u00e5ret til Start, med intern strid, d\u00e5rlig \u00f8konomi, sparkinger, avlyst kamp fordi man ikke skrudde p\u00e5 undervarme og alle andre sm\u00e5ting som har skjedd, er en sekser p\u00e5 kaosterningen, s\u00e5 blir det det aldri. S\u00e5 en blank 6-er der alts\u00e5 (egentlig burde vi vel henta fram en rollespillterning til dette sp\u00f8rsm\u00e5let.<\/p>\n\n\n\n<p>Noe bra har det kommet de siste \u00e5ren nemlig podcasten Start En Pod fortell?<\/p>\n\n\n\n<p>Tja. Hva skal man si? Podkasten ble til litt ved en tilfeldighet. Jeg og Tom begynte \u00e5 snakke om det allerede p\u00e5 ny\u00e5ret 2021, men s\u00e5 kom Clubhouse, som jeg riktignok aldri var inne p\u00e5, men der det ble diskutert Start omtrent hver kveld i flere uker. Spol framover en dr\u00f8yt halv\u00e5r, s\u00e5 har v\u00e5r inntil da Twitter-bekjente Lars Benestad kommet inn i miksen, og vi f\u00e5r plutselig blod p\u00e5 tann. I l\u00f8pet av tre uker hadde vi ordnet alt, kj\u00f8pt utstyr og s\u00e5 var vi i gang.<\/p>\n\n\n\n<p>Jeg, Lars og Tom var ikke omgangsvenner f\u00f8r vi begynte med dette. Jeg og Tom har v\u00e6rt bekjente siden tida&nbsp;rundt 2004\/2005, da vi begge var aktive i TIFO-gruppa til supportergruppa som den gang het Menigheden. Lars har v\u00e6rt en langsidesupporter hele sitt liv, og kom inn som et friskt pust fra siden via Twitter, som han der som gikk p\u00e5 0-4 p\u00e5 \u00c5r\u00e5sen i 2019. N\u00e5 ga jo Lars seg i poden forrige sommer som f\u00f8lge av at han ikke hadde tid til det lenger, s\u00e5 n\u00e5 er det bare meg og Tom igjen.<\/p>\n\n\n\n<p>Vi to gjenv\u00e6rende er egentlig bare ekstremt glad i \u00e5 bruke tid p\u00e5 \u00e5 prate om Start. Vi kunne snakket om Start i timesvis, og da tar vi oss fremdeles i \u00e5 bli litt forundret over hvor mange som gidder \u00e5 h\u00f8re p\u00e5 pjattet v\u00e5rt. Timingen for podkasten var nok god ogs\u00e5, da det var rett f\u00f8r Start En Dr\u00f8m trakk seg ut, og i tida etter har tribunekulturen og supporterlivet f\u00e5tt en solid oppsving. S\u00e5 det har blitt utsolgte livepodkaster,&nbsp;masse hyggelige m\u00f8ter med folk i Start og i fotball-Norge, samt noen episoder der vi kikker tilbake p\u00e5 tidligere Start-sesonger.<\/p>\n\n\n\n<p>S\u00e5 er det jo interessant \u00e5 merke seg at lyttertallene v\u00e5re g\u00e5r opp n\u00e5r Start gj\u00f8r det d\u00e5rlig. Tydelig at supportere av andre lag liker \u00e5 h\u00f8re om supporterlidelse&#8230;<\/p>\n\n\n\n<p>Tribunemessig kan man vel si at Londsia er blitt en Suksess?&nbsp;<\/p>\n\n\n\n<p>Londsida er en kjempesuksess. Den gjengen som st\u00e5r bak det fortjener all mulig heder og \u00e6re! De har skapt et utrolig bra supporterfelt, som ogs\u00e5 har f\u00f8rt til at vi stadig vekk har masse folk p\u00e5 bortefelt rundt omkring i landet ogs\u00e5. Der klubben har levert sv\u00e6rt svakt de siste \u00e5ra, s\u00e5 har supporterne bare levert bedre og bedre. Vi ser ogs\u00e5 at det kommer unge folk til p\u00e5 feltet &#8211; at det p\u00e5 en m\u00e5te har blitt kult \u00e5 dra p\u00e5 Start-kamp \u00e5 synge igjen .- det det er utrolig bra! Kan ogs\u00e5 i samme slengen nevne den realtivt&nbsp;nystartede grupperinga Langsia,&nbsp;som kom til p\u00e5 seinsommeren i fjor. Det er en gjeng meget entusiastiske Start-fans, som sitter p\u00e5 Langsia,&nbsp;og som \u00f8nsket \u00e5 skape litt mer liv og leven der ogs\u00e5. Det er da gjerne folk i s\u00e5nn ca samme situasjon som meg (fra 40 og oppover med familie), som kanskje ikke vil st\u00e5 midt i Londsia,&nbsp;men som \u00f8nsker litt mer leven enn det langsiden p\u00e5 stadion tradisjonelt har v\u00e6rt.<\/p>\n\n\n\n<p>Oppsummert: Utrolig mye positivt p\u00e5 supporterfronten i en tid der det butter sportslig for Start.<\/p>\n\n\n\n<p>Hvilket 2 lag rykker opp?<\/p>\n\n\n\n<p>Det er klink Stab\u00e6k og V\u00e5lerenga.<\/p>\n\n\n\n<p>Hvor havner Start denne sesongen?<\/p>\n\n\n\n<p>Et eller annet sted mellom 6. og 12. plass, s\u00e5nn som det ser ut n\u00e5. Der er det s\u00e5 jevnt at det kan bli hva som helst. Start budsjetterer selv med en 8. plass, s\u00e5 det forteller vel litt om hvordan klubben selv ser p\u00e5 den kommende sesongen, der det m\u00e5 kuttes til beinet etter et katastrofalt \u00f8konomisk resultat i fjor. Klarer vi kvallik skal vi v\u00e6re veldig forn\u00f8yd!<\/p>\n\n\n\n<p>Billettangst blir vel neppe noe problem p\u00e5 S\u00f8r Arena?<\/p>\n\n\n\n<p>Det ordet er et fremmedord p\u00e5 S\u00f8rlandet! S\u00f8r Arena er dessverre bygd for stor.<\/p>\n\n\n\n<p>Hvilket p\u00f8bber\/spisesteder anbefaler du for bortesupportere?<\/p>\n\n\n\n<p>N\u00e5r man er p\u00e5 bortetur s\u00e5 er det jo ikke fine dining som st\u00e5r p\u00e5 menyen, s\u00e5 da kan jeg anbefale Burger Bordello. Der har de veldig god burger.&nbsp;Er man heller fysen p\u00e5 en italiensk pizza eller pasta, s\u00e5 ville jeg g\u00e5tt p\u00e5 Bellini i Markens gate. Det gjorde jeg selv i sommer, og den pizzaen innfridde! Pubmessig kan jeg f.eks anbefale Telfords. En nydelig pub med britisk preg, der vi i podkasten hadde en meget vellykket livepod i fjor vinter. Trivelig betjening. Elllers m\u00e5 jeg tilst\u00e5 at jeg har mistet litt oversikten i Kristiansand, gitt at jeg flyttet til \u00d8stlandet p\u00e5 jakt etter jobb for snart 13 \u00e5r siden.<\/p>\n\n\n\n<p>Tror du Evig Lojal eller annen fanzine kommer ut i \u00e5r ogs\u00e5?<\/p>\n\n\n\n<p>Om det kommer en fanzine i \u00e5r, s\u00e5 blir det nok Evig Lojal. Svaret p\u00e5 det er vel: Tja, kanskje? Jeg vet \u00e6rlig talt ikke.<\/p>\n\n\n\n<p>R\u00e6ga R\u00e5kkers sang om Reidar Flaa. Hvem var det? (Ja sangen har satt seg p\u00e5 hjernen&#8230;.)<\/p>\n\n\n\n<p>Reidar Flaa er en legendarisk Start-stopper, med kallenavnet Far.&nbsp;Han spilte 558 kamper for Start fra 60-tallet og fram til og med 1979-sesongen, og han var dermed med p\u00e5 hele Starts tur inn i den nasjonale toppen, og var med p\u00e5 laget som tok Starts f\u00f8rste seriegull i 1978. Han blir spesielt husket for et fantastisk langskudd mot Lillestr\u00f8m, der han dunka ballen i m\u00e5l fra 40 meter. Som de synger i sangen du viser til: &laquo;Skj\u00f8t ballen i m\u00e5l fra 40 meter, s\u00e5 keeperen glemte hva han selv heter&raquo;. Reidar er alts\u00e5 en vaskeekte Start-legende.<\/p>\n\n\n\n<p>Tror du noen gang f\u00e5r oppleve Start i cupfinale?.&nbsp;<\/p>\n\n\n\n<p>Tror: Nei. H\u00e5per: Ja.<\/p>\n\n\n\n<p>Hvor mange matcher blir det live i l\u00f8pet av en sesong?.<\/p>\n\n\n\n<p>Det varierer litt. Gitt at jeg bor her p\u00e5 \u00d8stlandet avhenger det av hvor mange kamper det er her i omr\u00e5det, og hvor ofte jeg kommer meg s\u00f8rover. Men h\u00e5per jeg kan klare opp mot 10 kamper i \u00e5r.<\/p>\n\n\n\n<p>Nevn 3 gode grunner til hvorfor man skal velge Kristiansand som tur i 2024?<\/p>\n\n\n\n<p>Det er perfekt tidspunkt for en S\u00f8rlandstur! En l\u00f8rdag midt i juli kan jo ikke bli bedre. Det er det f\u00f8rste. For det andre s\u00e5 er det en av de eneste kampene det \u00e5ret Enga-fansen kan late som de er p\u00e5 en Eliteserie-kamp.&nbsp;Begge lags supportere holder Eliteserie-niv\u00e5, s\u00e5 det blir bra stemning, fasilitetene tilsier Eliteserie. Det eneste som ikke er p\u00e5 eliteseriestandard er lagene&#8230; Tredje grunnen? Trenger man flere grunner egentlig?<\/p>\n\n\n\n<p>Siste sp\u00f8rsm\u00e5l, n\u00e5r gj\u00f8r Lars Benestad comeback i podcasten?<\/p>\n\n\n\n<p>Det er det ingen som vet, heller ikke Lars Benestad. Men vi skal ha ham med som gjest! Sikkert flere enn en gang ogs\u00e5<\/p>\n","protected":false},"excerpt":{"rendered":"<p>Hvem er Lars Martin Gimse? Jeg er 40 \u00e5r gammel tobarnsfar, som lever i eksil i \u00c5s, jobber som journalist i Norges mest elskede tabloidavis Dagbladet og er godt over snittet opptatt av Start, tung musikk og m\u00f8rk \u00f8l.&nbsp; Tror du Start blir f\u00f8rste norske fotballklubb som blir meldt p\u00e5 i Luksusfellen? Haha, det blir [&hellip;]<\/p>\n","protected":false},"author":2,"featured_media":0,"comment_status":"closed","ping_status":"open","sticky":false,"template":"","format":"standard","meta":{"footnotes":""},"categories":[2],"tags":[],"class_list":["post-370","post","type-post","status-publish","format-standard","hentry","category-supporterlivet"],"_links":{"self":[{"href":"https:\/\/evd.fanzine.no\/index.php\/wp-json\/wp\/v2\/posts\/370","targetHints":{"allow":["GET"]}}],"collection":[{"href":"https:\/\/evd.fanzine.no\/index.php\/wp-json\/wp\/v2\/posts"}],"about":[{"href":"https:\/\/evd.fanzine.no\/index.php\/wp-json\/wp\/v2\/types\/post"}],"author":[{"embeddable":true,"href":"https:\/\/evd.fanzine.no\/index.php\/wp-json\/wp\/v2\/users\/2"}],"replies":[{"embeddable":true,"href":"https:\/\/evd.fanzine.no\/index.php\/wp-json\/wp\/v2\/comments?post=370"}],"version-history":[{"count":1,"href":"https:\/\/evd.fanzine.no\/index.php\/wp-json\/wp\/v2\/posts\/370\/revisions"}],"predecessor-version":[{"id":371,"href":"https:\/\/evd.fanzine.no\/index.php\/wp-json\/wp\/v2\/posts\/370\/revisions\/371"}],"wp:attachment":[{"href":"https:\/\/evd.fanzine.no\/index.php\/wp-json\/wp\/v2\/media?parent=370"}],"wp:term":[{"taxonomy":"category","embeddable":true,"href":"https:\/\/evd.fanzine.no\/index.php\/wp-json\/wp\/v2\/categories?post=370"},{"taxonomy":"post_tag","embeddable":true,"href":"https:\/\/evd.fanzine.no\/index.php\/wp-json\/wp\/v2\/tags?post=370"}],"curies":[{"name":"wp","href":"https:\/\/api.w.org\/{rel}","templated":true}]}}