{"id":361,"date":"2024-01-04T09:36:50","date_gmt":"2024-01-04T08:36:50","guid":{"rendered":"https:\/\/evd.fanzine.no\/?p=361"},"modified":"2024-01-04T09:36:50","modified_gmt":"2024-01-04T08:36:50","slug":"intervju-med-stabaek-supporter-christian-holum","status":"publish","type":"post","link":"https:\/\/evd.fanzine.no\/index.php\/2024\/01\/04\/intervju-med-stabaek-supporter-christian-holum\/","title":{"rendered":"INTERVJU MED STAB\u00c6K SUPPORTER Christian Holum."},"content":{"rendered":"\n<p><\/p>\n\n\n\n<p>En Vakker Dag skal intervju en supporter fra alle lagene i OBOS ligaen 2024. <\/p>\n\n\n\n<p><strong>Rett p<\/strong><strong>\u00e5 sak, hvem er Christian Holum?<\/strong><\/p>\n\n\n\n<p>En 37 \u00e5r gammel Hovsetergutt som heldigvis ikke lot seg forf\u00f8re av hverken FC Lyn Kringsj\u00e5 eller VIF rundt \u00e5rtusenskiftet, men ble&nbsp;blaa&nbsp;og&nbsp;m\u00f8rkeblaa.<\/p>\n\n\n\n<p><strong>OBOS Ligaen 2024 hvordan blir den?<\/strong><\/p>\n\n\n\n<p>Jeg tror den blir jevn og uforutsigbar i toppen, er ikke skjebnebestemt at hverken VIF eller oss i Stab\u00e6k vil spasere til opprykk. Flere klubber som kan v\u00e6re vriene.<\/p>\n\n\n\n<p><strong>Noen matcher du ser fram til?<\/strong><\/p>\n\n\n\n<p>JA! Skal endelig komme meg til Sogndal og \u00c5lesund, som har v\u00e6rt enorme hull p\u00e5 banehopperkartet. Ellers ser jeg frem til mange lange bussturer til Rogaland, Agder og Tr\u00f8ndelag.&nbsp;<\/p>\n\n\n\n<p><strong>Hva blir \u00e5rets&nbsp;<\/strong><strong>Away<\/strong><strong>&nbsp;tur for dere?<\/strong><\/p>\n\n\n\n<p>For meg blir det Sogndal. For resten av gjengen er jeg litt usikker, men Start i midten av juni er lovende for sydenf\u00f8lelsen.&nbsp;<\/p>\n\n\n\n<p><strong>Tribunemessig<\/strong><strong>&nbsp;hvordan blir det i \u00e5r?<\/strong><\/p>\n\n\n\n<p>H\u00e5per vi klarer \u00e5 beholde flesteparten av de nye som kom i fjor og forfjor. Vi har tatt noen steg i det siste og mye av det skyldes at det gror godt n\u00e5 med B\u00e6rumsp\u00f8bler og Vestfronten Yngre. Veldig g\u00f8y \u00e5 se. Og de er ikke kun opptatt av det som skjer p\u00e5 banen heller.&nbsp;<\/p>\n\n\n\n<p><strong>Har dere&nbsp;<\/strong><strong>podcast<\/strong><strong>&nbsp;eller&nbsp;<\/strong><strong>fanzine<\/strong><strong>?<\/strong><\/p>\n\n\n\n<p>Vi har&nbsp;podcast&nbsp;ja,&nbsp;Stab\u00e6kpodden&nbsp;aka\u00abKikkertsvingen\u00bb som Mehran&nbsp;Marandi&nbsp;(@ 92Mehran) og jeg driver.&nbsp;Fanzine&nbsp;derimot har vi ikke.&nbsp;<\/p>\n\n\n\n<p><strong>Hvis man vil melde seg inn eller st\u00f8tte TIFO arbeidet. Hva gj\u00f8r man da?<\/strong><\/p>\n\n\n\n<p>Ganske enkelt. Melde seg inn i Stab\u00e6k Support p\u00e5 stabaek.no og opprette konto p\u00e5 forumet. Der er det tut og kj\u00f8r til enhver tid.&nbsp;<\/p>\n\n\n\n<p><strong>Stickers<\/strong><strong>, er det ja eller nei?<\/strong><\/p>\n\n\n\n<p>Et rungende ja! STB-stickeren&nbsp;(@&nbsp;STBstickern,sjekk episode av&nbsp;podden&nbsp;v\u00e5r fra 13.10) m\u00e5 nevnes spesielt her, men ogs\u00e5 Adrian (@&nbsp;Stab\u00e6kstickers,14-15! \u00e5r gammel) og&nbsp;Blaa&nbsp;Brigade&nbsp;(@ blaabrigade1912)&nbsp;mekker.<\/p>\n\n\n\n<p><strong>Hvilket 2 lag rykker direkte opp?<\/strong><\/p>\n\n\n\n<p>Hjertet sier VIF og oss, men&nbsp;hjernen&nbsp;tror fort vi kan m\u00e5tte ut i kval.&nbsp;For meg st\u00e5r det mellom Aalesund og oss om 2. plassen.&nbsp;<\/p>\n\n\n\n<p><strong>Noen steder du anbefaler p\u00e5&nbsp;<\/strong><strong>B\u00e6kkestua<\/strong><strong>&nbsp;f\u00f8r match som bortesupporter?<\/strong><\/p>\n\n\n\n<p>Bekkestua er ikke akkurat verdens navle og Onkel&nbsp;Blaa&nbsp;er strengt tatt det eneste skikkelige stedet, og det er heller ikke det st\u00f8rste. Vi har hatt noen gjester av type familier med barn&nbsp;etc,&nbsp;og &nbsp;andreinviterte grupperinger. S\u00e5 om man er mange s\u00e5 anbefaler jeg \u00e5 sjekke f\u00f8rst, ev. drikke p\u00e5 Majorstuen. T-banen tar bare 15-20min derfra.&nbsp;<\/p>\n","protected":false},"excerpt":{"rendered":"<p>En Vakker Dag skal intervju en supporter fra alle lagene i OBOS ligaen 2024. Rett p\u00e5 sak, hvem er Christian Holum? En 37 \u00e5r gammel Hovsetergutt som heldigvis ikke lot seg forf\u00f8re av hverken FC Lyn Kringsj\u00e5 eller VIF rundt \u00e5rtusenskiftet, men ble&nbsp;blaa&nbsp;og&nbsp;m\u00f8rkeblaa. OBOS Ligaen 2024 hvordan blir den? Jeg tror den blir jevn og [&hellip;]<\/p>\n","protected":false},"author":2,"featured_media":0,"comment_status":"closed","ping_status":"open","sticky":false,"template":"","format":"standard","meta":{"footnotes":""},"categories":[2],"tags":[],"class_list":["post-361","post","type-post","status-publish","format-standard","hentry","category-supporterlivet"],"_links":{"self":[{"href":"https:\/\/evd.fanzine.no\/index.php\/wp-json\/wp\/v2\/posts\/361","targetHints":{"allow":["GET"]}}],"collection":[{"href":"https:\/\/evd.fanzine.no\/index.php\/wp-json\/wp\/v2\/posts"}],"about":[{"href":"https:\/\/evd.fanzine.no\/index.php\/wp-json\/wp\/v2\/types\/post"}],"author":[{"embeddable":true,"href":"https:\/\/evd.fanzine.no\/index.php\/wp-json\/wp\/v2\/users\/2"}],"replies":[{"embeddable":true,"href":"https:\/\/evd.fanzine.no\/index.php\/wp-json\/wp\/v2\/comments?post=361"}],"version-history":[{"count":1,"href":"https:\/\/evd.fanzine.no\/index.php\/wp-json\/wp\/v2\/posts\/361\/revisions"}],"predecessor-version":[{"id":362,"href":"https:\/\/evd.fanzine.no\/index.php\/wp-json\/wp\/v2\/posts\/361\/revisions\/362"}],"wp:attachment":[{"href":"https:\/\/evd.fanzine.no\/index.php\/wp-json\/wp\/v2\/media?parent=361"}],"wp:term":[{"taxonomy":"category","embeddable":true,"href":"https:\/\/evd.fanzine.no\/index.php\/wp-json\/wp\/v2\/categories?post=361"},{"taxonomy":"post_tag","embeddable":true,"href":"https:\/\/evd.fanzine.no\/index.php\/wp-json\/wp\/v2\/tags?post=361"}],"curies":[{"name":"wp","href":"https:\/\/api.w.org\/{rel}","templated":true}]}}