{"id":296,"date":"2023-10-04T12:50:28","date_gmt":"2023-10-04T10:50:28","guid":{"rendered":"https:\/\/evd.fanzine.no\/?p=296"},"modified":"2023-10-04T12:50:28","modified_gmt":"2023-10-04T10:50:28","slug":"intervju-med-mossekaellen-jan-erik-syverud","status":"publish","type":"post","link":"https:\/\/evd.fanzine.no\/index.php\/2023\/10\/04\/intervju-med-mossekaellen-jan-erik-syverud\/","title":{"rendered":"INTERVJU MED MOSSEK\u00c6LLEN JAN ERIK SYVERUD."},"content":{"rendered":"\n<p>For de uvitende hvem er Jan Erik?&nbsp;<\/p>\n\n\n\n<p>&#8211; Snart 34 \u00e5r gammel K\u00e6ll fra \u00d8re\u00e5sen i Moss. Kokk, tapper \u00f8l og studerer grafisk design.&nbsp;<\/p>\n\n\n\n<p>Moss FK alts\u00e5, hvordan er det \u00e5 se laget sitt p\u00e5 niv\u00e5 2 kontra 3 og 4?<\/p>\n\n\n\n<p>&#8211; Det er natt og dag n\u00e5r det kommer til forskjell p\u00e5 PostNord-ligaen og OBOS-ligaen. Faste kamptidspunkter, bedre motstand, mer publisitet og ikke minst at det er utrolig g\u00f8y \u00e5 v\u00e6re tilbake i toppfotballen.<\/p>\n\n\n\n<p>Tribunemessig er det vel litt mer konkurranse i \u00e5r?<\/p>\n\n\n\n<p>&#8211; Det sier seg selv. Riktig nok var det et par lag i PostNord-ligaen som hadde reisef\u00f8lge. P\u00e5 en annen side var det mange av v\u00e5re motstandere som ikke var vant lag med reisef\u00f8lge med unntak av enkelte cupkamper. Dette fikk vi erfare Egersund, p\u00e5 Ulleren og ikke minst Sotra.<\/p>\n\n\n\n<p>Kr\u00e5kevingen hvordan er st\u00e5a der?. Noen undergrupper p\u00e5gang?<\/p>\n\n\n\n<p>&#8211; For hver kamp som kommer dukker det opp flere og flere unge lovende supportere. B\u00e5de jenter og gutter. Dette digger vi. Det er et par av v\u00e5re yngre som har lekt med tanken om \u00e5 fors\u00f8ke \u00e5 sette i gang med eget og som er Ultras inspirert. Disse heier vi selvsagt p\u00e5. Frihet for Ultras!<\/p>\n\n\n\n<p>Hvordan skal dere bli st\u00f8rre og bedre, rekorden er vel 500 medlemmer?<\/p>\n\n\n\n<p>&#8211; Dette er kanskje et kjedelig svar. Fortsette med inkludering og rekrutering p\u00e5 feltet. Siden covid slo innover Europa har jeg for min del brukt en del tid p\u00e5 \u00e5 ta meg tid til de som interesserer seg for MFK. Tenker da spesielt p\u00e5 hvis jeg m\u00f8ter folk ute eller at de st\u00e5r p\u00e5 motsatt side av bardisken.&nbsp;<\/p>\n\n\n\n<p>Mange opplever eller har opplevd at Kr\u00e5kevingen er en gruppe som er vanskelig \u00e5 komme innp\u00e5. Slik skal det ikke v\u00e6re. Det er fortsatt slik at mange ser p\u00e5 fotballsupportere som en gjeng med br\u00e5kmakere. Slik er det heldigvis ikke lengre.&nbsp;<\/p>\n\n\n\n<p>Vingepod, er det annet enn snakk om dommerne og matoppskrifter?<\/p>\n\n\n\n<p>&#8211; Det blir mye dommerfokus dessverre. Hvis vi ser p\u00e5 norske dommere og hvordan de presterer uke inn og uke ut er det ikke rart det blir mye dommerfokus. Likevel har jeg noen spennende planer for fremtiden n\u00e5r det kommer til podcasten v\u00e5r.&nbsp;<\/p>\n\n\n\n<p>Lyttertallene har \u00f8kt med opprykket og de er stabile. Igjen kan vi spe p\u00e5 med mer som gj\u00f8r at flere kan relatere seg til podcasten v\u00e5r.&nbsp;<\/p>\n\n\n\n<p>Blir det \u00e5 se alle 30 matchene i \u00e5r live?<\/p>\n\n\n\n<p>&#8211; Det er m\u00e5let. S\u00e5 lenge ikke noe skjer som gj\u00f8r at blir forhindra til \u00e5 f\u00e5 med meg alle kampene, s\u00e5 skal jeg det. I fjor r\u00f8k jeg p\u00e5 to kamper pga et bryllup.&nbsp;<\/p>\n\n\n\n<p>Nevn 3 gode grunner til hvorfor man skal g\u00e5 p\u00e5 Mell\u00f8s for \u00e5 se Moss FK?<\/p>\n\n\n\n<p>&#8211; Jeg har en god grunn: Fotball er best p\u00e5 stadion!&nbsp;<\/p>\n\n\n\n<p>Ellers kan jeg legge til at det er noe eget med \u00e5 se ditt lokale lag spiller fra tribuneplass. Samtidig er Mell\u00f8s stadion VAR fri sone inntil videre. Nei til VAR \u2013 Ja til Ivar!<\/p>\n\n\n\n<p>Klarer man \u00e5 holde p\u00e5 Thomas Harald Myhre som trener?<\/p>\n\n\n\n<p>&#8211; Ja! Han lever jo dr\u00f8mmen!<\/p>\n\n\n\n<p>Hvordan er stickersen krigen i Moss?. Nei det er ikke jeg som klistrer V\u00e5lerenga stickers.&nbsp;<\/p>\n\n\n\n<p>&#8211; Hvor var disse f\u00f8r vi begynte \u00e5 klistre i byen v\u00e5r er det f\u00f8rste jeg tenker. En stickerskrig er bare artig.&nbsp;<\/p>\n\n\n\n<p>Har du bok\/fanzine\/podcast tips til leserne?<\/p>\n\n\n\n<p>&#8211; Her m\u00e5 jeg nesten melde pass. Leser sv\u00e6rt lite, men har lest Josimar tidligere. Den anbefaler jeg. Ellers synes jeg de bak Idrettspolitikk gj\u00f8r en str\u00e5lende jobb. Abonner der!<\/p>\n\n\n\n<p>Det finnes mange gode podcaster. Det har blitt mindre podcast lytting etter at jeg slutta med pendling. Start En Pod er fin, Den 69 Mann har imponert meg, Heia Foball til tider og fotballpodcasten til TV 2.<\/p>\n\n\n\n<p>Hvor er Moss FK og Kr\u00e5kevingen om 5 \u00e5r?<\/p>\n\n\n\n<p>&#8211; Gruppespill i Champions League, full isfront mellom klubb og supporterklubb. Neida, ikke helt Bod\u00f8\/Glimt. Snakk om gr\u00f8t. Stakkars supportere som blir motarbeidet av egen klubb og ikke minst alle medgangsupporterne.&nbsp;<\/p>\n\n\n\n<p>Nok et kjedelig svar fra meg. Det viktigiste er at vi f\u00e5r stabilisert oss i OBOS-ligaen, f\u00e5r p\u00e5 plass \u00f8konomien, bygge klubb og administrasjon. Kanskje til og med leke med et fotballstadion og ikke en friidrettstadion som vi har n\u00e5.&nbsp;<\/p>\n\n\n\n<p>N\u00e5 er det \u00e5 berge plassen som er m\u00e5let i \u00e5r. Alt annet er bonus. Neste \u00e5r er det t\u00f8ffe 2. \u00e5ret etter opprykket. Jeg h\u00f8rer noen prater om opprykk allerede neste \u00e5r blant de som g\u00e5r p\u00e5 Mell\u00f8s. Det er lov \u00e5 dr\u00f8mme, men det er altfor tidlig. Vi er egentlig ikke rusta som klubb for OBOS-ligaen for \u00f8yeblikket. Ta et steg om gangen.&nbsp;<\/p>\n\n\n\n<p>Jeg har sett hvor p\u00e5 tryne man kan g\u00e5 om man tar seg vann over hodet, bruke penger vi ikke har og ha spilt s\u00e5 langt nede som i 3. Divisjon. Det er ikke fett \u00e5 ha sett MFK mot Odd, Odd 2 og Odd 3.<\/p>\n\n\n\n<p>N\u00e5r kommer den nye supportermusikken til Lasse Dahl &amp; co?<\/p>\n\n\n\n<p>&#8211; I l\u00f8pet av h\u00f8sten er det siste jeg har h\u00f8rt. Det er bare \u00e5 f\u00f8lge med p\u00e5 Spotify!<\/p>\n\n\n\n<p>Har du lest den legendariske boka fra 80-tallet om Einar Jan Aas?<\/p>\n\n\n\n<p>&#8211; Som jeg nevnte tidligere er jeg ingen lesehest. Kanskje Christian Thuesen vil spille den inn som lydbok. Hvis han orker riktignok. Tror ikke jeg har lest en bok siden jeg gikk p\u00e5 ungdomskolen. Du store Gauda het boka.&nbsp;<\/p>\n","protected":false},"excerpt":{"rendered":"<p>For de uvitende hvem er Jan Erik?&nbsp; &#8211; Snart 34 \u00e5r gammel K\u00e6ll fra \u00d8re\u00e5sen i Moss. Kokk, tapper \u00f8l og studerer grafisk design.&nbsp; Moss FK alts\u00e5, hvordan er det \u00e5 se laget sitt p\u00e5 niv\u00e5 2 kontra 3 og 4? &#8211; Det er natt og dag n\u00e5r det kommer til forskjell p\u00e5 PostNord-ligaen og [&hellip;]<\/p>\n","protected":false},"author":2,"featured_media":0,"comment_status":"closed","ping_status":"open","sticky":false,"template":"","format":"standard","meta":{"footnotes":""},"categories":[2],"tags":[],"class_list":["post-296","post","type-post","status-publish","format-standard","hentry","category-supporterlivet"],"_links":{"self":[{"href":"https:\/\/evd.fanzine.no\/index.php\/wp-json\/wp\/v2\/posts\/296","targetHints":{"allow":["GET"]}}],"collection":[{"href":"https:\/\/evd.fanzine.no\/index.php\/wp-json\/wp\/v2\/posts"}],"about":[{"href":"https:\/\/evd.fanzine.no\/index.php\/wp-json\/wp\/v2\/types\/post"}],"author":[{"embeddable":true,"href":"https:\/\/evd.fanzine.no\/index.php\/wp-json\/wp\/v2\/users\/2"}],"replies":[{"embeddable":true,"href":"https:\/\/evd.fanzine.no\/index.php\/wp-json\/wp\/v2\/comments?post=296"}],"version-history":[{"count":1,"href":"https:\/\/evd.fanzine.no\/index.php\/wp-json\/wp\/v2\/posts\/296\/revisions"}],"predecessor-version":[{"id":297,"href":"https:\/\/evd.fanzine.no\/index.php\/wp-json\/wp\/v2\/posts\/296\/revisions\/297"}],"wp:attachment":[{"href":"https:\/\/evd.fanzine.no\/index.php\/wp-json\/wp\/v2\/media?parent=296"}],"wp:term":[{"taxonomy":"category","embeddable":true,"href":"https:\/\/evd.fanzine.no\/index.php\/wp-json\/wp\/v2\/categories?post=296"},{"taxonomy":"post_tag","embeddable":true,"href":"https:\/\/evd.fanzine.no\/index.php\/wp-json\/wp\/v2\/tags?post=296"}],"curies":[{"name":"wp","href":"https:\/\/api.w.org\/{rel}","templated":true}]}}