{"id":294,"date":"2023-10-04T12:07:05","date_gmt":"2023-10-04T10:07:05","guid":{"rendered":"https:\/\/evd.fanzine.no\/?p=294"},"modified":"2023-10-04T12:07:05","modified_gmt":"2023-10-04T10:07:05","slug":"intervju-med-eirik-om-langrenn-fotball-og-valerenga","status":"publish","type":"post","link":"https:\/\/evd.fanzine.no\/index.php\/2023\/10\/04\/intervju-med-eirik-om-langrenn-fotball-og-valerenga\/","title":{"rendered":"INTERVJU MED EIRIK OM LANGRENN, FOTBALL OG V\u00c5LERENGA."},"content":{"rendered":"\n<p>EVD redaksjonen har fanget opp at V\u00e5lerenga Ski har meldt p\u00e5 lag for herrer i stafett . Vi er nok ikke best i byen her. Etter Kjels\u00e5s, Lyn, Rustad og BSK. . Bli gjerne med videre hvis dette h\u00f8res interresant&nbsp; ut.<\/p>\n\n\n\n<p>For de uvitende hvem er Eirik S R\u00f8er?<\/p>\n\n\n\n<p>Jeg er en 34 \u00e5r gammel ski-nerd, som ogs\u00e5 bruker mye tid p\u00e5 fotball. I skimilj\u00f8et er jeg kjent som skitrener, skism\u00f8rer, skiplukker, fotograf og journalist. Har egentlig hatt de fleste hatter der. I fotballmilj\u00f8et st\u00e5r jeg fast nederst p\u00e5 \u00d8stblokka, og pr\u00f8ver ogs\u00e5 \u00e5 reise p\u00e5 s\u00e5 mange bortekamper som mulig.&nbsp;<\/p>\n\n\n\n<p>Langrenn alts\u00e5 som gjelder, hvor mange medlemmer er det i V\u00e5lerenga Ski?<\/p>\n\n\n\n<p>Det vet jeg faktisk ikke, for jeg er helt fersk som medlem i skiklubben. Men har blitt fortalt at det er mest eldre medlemmer som deltar i et og annet turrenn. Ogs\u00e5 kan vi blant annet smykke oss med tidenes f\u00f8rste vinner av Birkebeinerrennet i 1932.<\/p>\n\n\n\n<p>Stemmer det at dere skal stille lag i NM stafett for herrer?.<\/p>\n\n\n\n<p>Det stemmer! Jeg og to av mine br\u00f8dre melder overgang fra barndomsklubben B\u00e6kkelaget, og oppfyller to dr\u00f8mmer i vinter. Ikke bare f\u00e5r vi stilt familielag i NM, men vi gj\u00f8r det for V\u00e5lerenga.&nbsp;<\/p>\n\n\n\n<p>Hvor skal NM foreg\u00e5, man b\u00f8r jo sette opp buss og blusse.?<\/p>\n\n\n\n<p>NM arrangeres p\u00e5 Beitost\u00f8len, og stafetten avholdes&nbsp;s\u00f8ndag 25. februar. Det hadde v\u00e6rt en dr\u00f8m med b\u00e5de buss, bluss, tifo og stickers, helt sinnssykt fett faktisk! Da hadde vi v\u00e6rt banebrytende p\u00e5 supportersiden ogs\u00e5 i skimilj\u00f8et. Men om noen Enga-supportere har hytte i omr\u00e5det og tilfeldigvis er der den februar-helgen tar vi imot all st\u00f8tte vi kan f\u00e5.&nbsp;<\/p>\n\n\n\n<p>Hva er m\u00e5lsetningen&nbsp; for sesongen 23\/24 sette V\u00e5lerenga Ski p\u00e5 kartet?<\/p>\n\n\n\n<p>Det er m\u00e5let! Som du skrev innledningsvis er vi nok ikke best i byen, men vi skal klare \u00e5 v\u00e6re synlige likevel \u2013 i beste V\u00e5lerenga-\u00e5nd. Bare det \u00e5 stille et lag i NM-stafetten, for f\u00f8rste gang i historien, er jo et steg p\u00e5 veien. Ogs\u00e5 skal vi klare \u00e5 rope h\u00f8yt og v\u00e6re passe breiale, slik at vi opprettholder inntrykket om at vi er elsket og hatet av alle, men aldri ignorert.<\/p>\n\n\n\n<p>Finnes det noe V\u00e5lerenga Ski merch?<\/p>\n\n\n\n<p>Ja, faktisk. Vi har laget nye racingdresser og panneb\u00e5nd til stafetten. Begge deler i sm\u00e5 opplag, men det blir et lite overskuddslager dersom noen skiinteresserte supportere \u00f8nsker \u00e5 kle seg riktig i vinter- og p\u00e5skeferien.<\/p>\n\n\n\n<p>Har du noen treningstips til slamper som meg, som ikke er for krevende?<\/p>\n\n\n\n<p>Da vil jeg anbefale kortreiste \u00f8kter p\u00e5 Valle. Har hatt skiturer der jeg har tr\u00e5kket egne l\u00f8yper p\u00e5 gresset, og rulleskiturer frem og tilbake langs Vallhall. Det er noe bohemsk over \u00e5 gj\u00f8re det enkelt, i n\u00e6romr\u00e5det og p\u00e5 gamlem\u00e5ten. Anbefales!&nbsp;<\/p>\n\n\n\n<p>Men det er ikke bare V\u00e5lerenga Ski p\u00e5 deg, fotball eller hockey som gjelder?<\/p>\n\n\n\n<p>Fotball som gjelder. Har hatt sesongkort\/v\u00e6rt regelmessig p\u00e5 kamp siden 2005, med unntak av noen \u00e5r der ski tok litt for mye tid \u2013 ogs\u00e5 p\u00e5 sommeren. I \u00e5r har det blitt fem bortekamper, og alle hjemmekamper utenom \u00e9n s\u00e5 langt. Stortrives nederst p\u00e5 \u00d8stblokka og synger meg hes hver helg. Supportermilj\u00f8et, og s\u00e6rlig slik det har v\u00e6rt de siste \u00e5rene, gj\u00f8r alt verdt det \u2013 uavhengig av hvordan fotballaget presterer.&nbsp;<\/p>\n\n\n\n<p>OBOS 2024 p\u00e5 V\u00e5lerenga Fotball?<\/p>\n\n\n\n<p>Nei, tror vi holder oss. Begynner \u00e5 se ut som et lag, og har veldig trua p\u00e5 nysigneringene.<\/p>\n\n\n\n<p>Fullt antrekk eller ett diskre skjerf p\u00e5 match?<\/p>\n\n\n\n<p>Ikke skjerf eller drakt, men st\u00e5r stort sett i \u00d8stblokka t-skjorte eller annet merch fra Ultrassjappa.<\/p>\n\n\n\n<p>Fanzine\/podcast\/bok tips gjerne b\u00e5de ski og fotball?<\/p>\n\n\n\n<p>Anser meg som newbie her, men har blitt glad i Stang Ut b\u00e5de p\u00e5 pod og papir. Skimilj\u00f8et har litt \u00e5 g\u00e5 p\u00e5 n\u00e5r det gjelder b\u00e5de fanzine, podcast og bok, men kan jo trekke frem magasinet SKIsport \u2013 som jeg var redakt\u00f8r for tidligere.&nbsp;<\/p>\n\n\n\n<p>Du fikk jo L\u00e5g H\u00f8ger f\u00f8rste utgave 2010 p\u00e5 e-post hva syns du?<\/p>\n\n\n\n<p>Veldig kult \u00e5 se og lese, dette var helt nytt for meg. Om jeg hadde hatt mer tid er det noe jeg gjerne skulle plukket opp og drevet videre.<\/p>\n\n\n\n<p>Hvor er V\u00e5lerenga Ski om 5 \u00e5r?<\/p>\n\n\n\n<p>Forh\u00e5pentligvis fremdeles med NM-lag p\u00e5 start, som p\u00e5 en eller annen m\u00e5te er med p\u00e5 \u00e5 preger rennet. I et litt lengre perspektiv m\u00e5 m\u00e5let v\u00e6re \u00e5 \u00f8ke rekrutteringen, slik at det utvikles l\u00f8pere helt fra barne\u00e5rene til senioralder.<\/p>\n\n\n\n<p>Hva er dr\u00f8mmeovergangen til V\u00e5lerenga Ski?<\/p>\n\n\n\n<p>Ikke et veldig kjent navn for folk flest, men blant dagens aktive tenker jeg Tor Olav Nesheim H\u00e6geland fra Rustad IL. En ordentlig bohem! Ellers tror jeg Tord Asle Gjerdalen, Erling Jevne og B\u00f8rre N\u00e6ss hadde gjort seg i en V\u00e5lerenga-drakt.<\/p>\n\n\n\n<p>En Vakker Dag \u00f8nsker lykke til videre,. Lover \u00e5 f\u00f8lge med&nbsp;<\/p>\n\n\n\n<p>Takk for praten!<\/p>\n\n\n\n<p><\/p>\n\n\n\n<p>PS: Vil du ogs\u00e5 lese L\u00e5g H\u00f8ger digitalt? Ta kontakt. <\/p>\n","protected":false},"excerpt":{"rendered":"<p>EVD redaksjonen har fanget opp at V\u00e5lerenga Ski har meldt p\u00e5 lag for herrer i stafett . Vi er nok ikke best i byen her. Etter Kjels\u00e5s, Lyn, Rustad og BSK. . Bli gjerne med videre hvis dette h\u00f8res interresant&nbsp; ut. For de uvitende hvem er Eirik S R\u00f8er? Jeg er en 34 \u00e5r gammel [&hellip;]<\/p>\n","protected":false},"author":2,"featured_media":0,"comment_status":"closed","ping_status":"open","sticky":false,"template":"","format":"standard","meta":{"footnotes":""},"categories":[2],"tags":[],"class_list":["post-294","post","type-post","status-publish","format-standard","hentry","category-supporterlivet"],"_links":{"self":[{"href":"https:\/\/evd.fanzine.no\/index.php\/wp-json\/wp\/v2\/posts\/294","targetHints":{"allow":["GET"]}}],"collection":[{"href":"https:\/\/evd.fanzine.no\/index.php\/wp-json\/wp\/v2\/posts"}],"about":[{"href":"https:\/\/evd.fanzine.no\/index.php\/wp-json\/wp\/v2\/types\/post"}],"author":[{"embeddable":true,"href":"https:\/\/evd.fanzine.no\/index.php\/wp-json\/wp\/v2\/users\/2"}],"replies":[{"embeddable":true,"href":"https:\/\/evd.fanzine.no\/index.php\/wp-json\/wp\/v2\/comments?post=294"}],"version-history":[{"count":1,"href":"https:\/\/evd.fanzine.no\/index.php\/wp-json\/wp\/v2\/posts\/294\/revisions"}],"predecessor-version":[{"id":295,"href":"https:\/\/evd.fanzine.no\/index.php\/wp-json\/wp\/v2\/posts\/294\/revisions\/295"}],"wp:attachment":[{"href":"https:\/\/evd.fanzine.no\/index.php\/wp-json\/wp\/v2\/media?parent=294"}],"wp:term":[{"taxonomy":"category","embeddable":true,"href":"https:\/\/evd.fanzine.no\/index.php\/wp-json\/wp\/v2\/categories?post=294"},{"taxonomy":"post_tag","embeddable":true,"href":"https:\/\/evd.fanzine.no\/index.php\/wp-json\/wp\/v2\/tags?post=294"}],"curies":[{"name":"wp","href":"https:\/\/api.w.org\/{rel}","templated":true}]}}