{"id":1054,"date":"2026-03-12T12:38:07","date_gmt":"2026-03-12T11:38:07","guid":{"rendered":"https:\/\/evd.fanzine.no\/?p=1054"},"modified":"2026-03-12T12:38:07","modified_gmt":"2026-03-12T11:38:07","slug":"intervju-med-jon-fra-lyd-fanzina-stang-ut-om-podcast-seriestart-og-masse-mer","status":"publish","type":"post","link":"https:\/\/evd.fanzine.no\/index.php\/2026\/03\/12\/intervju-med-jon-fra-lyd-fanzina-stang-ut-om-podcast-seriestart-og-masse-mer\/","title":{"rendered":"INTERVJU MED  JON FRA LYD FANZINA STANG UT OM PODCAST, SERIESTART OG MASSE MER"},"content":{"rendered":"\n<p>Hvem er det som st\u00e5r bak lyd fanzina Stang Ut?<\/p>\n\n\n\n<p>Det er Lars Schou og meg selv, Jon Hern\u00e6s<\/p>\n\n\n\n<p>Holdt ikke bare med papir fanzine, men ogs\u00e5 en podcast om V\u00e5lerenga og tribunekultur?<\/p>\n\n\n\n<p>Du kan si at podcasten p\u00e5 mange m\u00e5ter er v\u00e5r tids fanzine. Det er relatisvt&nbsp;enkelt \u00e5 lage, og i en \u00f8konomisk st\u00f8rrelse man kan f\u00e5 til p\u00e5 egenh\u00e5nd. Fordelen er at man slipper \u00e5 bruke tid og penger p\u00e5 trykking, og man trenger ikke selge den for hver gang heller. Da kan man for eksempel kommentere ting som skjer allerede samme dag, mens ei fanzine alltid vil m\u00e5tte v\u00e6re mer generell. Og det med salg, det er jeg egentlig veldig glad for \u00e5 slippe kjenner jeg.<\/p>\n\n\n\n<p>Hvordan har responsen v\u00e6rt p\u00e5 podcasten?<\/p>\n\n\n\n<p>Responsen er veldig bra. Jeg tror vi kunne n\u00e5dd ut til flere hvis vi hadde jobba for det, eller hvis klubben ga oss litt drahjelp i sine kanaler, men det er ikke s\u00e5 viktig for oss. Vi har lyttertall som er ganske stabile og f\u00e5r stadig hyggelige tilbakemeldinger fra folk p\u00e5 kamp.&nbsp;<\/p>\n\n\n\n<p>N\u00e5 har vi hatt et par livepodder ogs\u00e5, og at det kommer s\u00e5pass mye folk p\u00e5 de kveldene er jo en veldig direkte form for feedback tenker jeg.&nbsp;<\/p>\n\n\n\n<p>Nevn 3 gode grunner til hvorfor man skal lytte til podcasten?<\/p>\n\n\n\n<p>Vi snakker om Enga, snakker om livet, snakker om det du kanskje bryr deg om.<\/p>\n\n\n\n<p>Hvilket plattformer finner man podcasten?<\/p>\n\n\n\n<p>Oi, hva er det man sier &laquo;Der du vanlig vis&nbsp;h\u00f8rer podcast&raquo; Det er en kobling i publiseringsverkt\u00f8yet som distribuerer den ut til alle platformer.&nbsp;Men vi er ikke p\u00e5 Youtube, som jeg ser flere og flere n\u00e5 begynner \u00e5 se mot, ogs\u00e5 for podcaster.&nbsp;<\/p>\n\n\n\n<p>Beste\/V\u00e6rste minne med podcasten?<\/p>\n\n\n\n<p>Det beste er veldig vanskelig \u00e5 skille ut. Akkuratt&nbsp;n\u00e5 tenker jeg kanskje mest at jeg er veldig glad for at vi fikk hatt Anders Krystad i studio f\u00f8r han d\u00f8de. Vi jobba lenge for \u00e5 f\u00e5 det til, og n\u00e5r det endelig klaffa&nbsp;var det siste sjansen viste det seg. Jeg tror han visste selv at han var uhelbredelig syk p\u00e5 det tidspunktet, men sa ikke noe til oss. Jeg tror det ble det siste intervjuet han ga. Det er jeg litt stolt over.&nbsp;<\/p>\n\n\n\n<p>Episoden hjemme i stua hos Hengern er ogs\u00e5 et h\u00f8ydepunkt.<\/p>\n\n\n\n<p>Det v\u00e6rste er n\u00e5 teknikken ikke funker. Da blir jeg dritstressa.&nbsp;<\/p>\n\n\n\n<p>Selger dere noe merch, eller kan man st\u00f8tte podcasten hvis man \u00f8nsker det?.<\/p>\n\n\n\n<p>Vi har ikke noe merch pr n\u00e5. Det er mye logistikk rundt det \u00e5 selge tskjorter osv som gj\u00f8r at vi forel\u00f8pig har ligget unna det. Vi har snakka om \u00e5 lage en Patreon-l\u00f8sning for de som vil st\u00f8tte oss \u00f8konomisk, men ikke gjort det enda.&nbsp;<\/p>\n\n\n\n<p>Lytter man til andre podcaster, noen man kan anbefale leserne?<\/p>\n\n\n\n<p>Det g\u00e5r mye i fotballpodcaster&nbsp;for min del. Rabona har blitt bra etter en veldig skuffende start. Trikkeligaen er tilbake, og det er gledelig, Dritte Halbzeit&nbsp;for tysk fotball, In the Shadow of Vesuvio for min Italienske interesse.&nbsp;<\/p>\n\n\n\n<p>I skrivende stund er det kun f\u00e5 dager til seriestart i fotball, gleder man seg?<\/p>\n\n\n\n<p>Gleder meg som en gris!&nbsp;<\/p>\n\n\n\n<p>Hvordan tror man V\u00e5lerenga gj\u00f8r det denne sesongen?<\/p>\n\n\n\n<p>VI diskuterte det i forrige sending, og Lars tippa 6. Freddy 5. og Jon 4. S\u00e5 da blir det vel 7. plass tenker jeg.<\/p>\n\n\n\n<p>Stang Ut har noen baller i lufta, n\u00e5r kommer neste papirutgave&nbsp; ut?<\/p>\n\n\n\n<p>Den kommer antakelig i VM-pausen.<\/p>\n\n\n\n<p>Beste\/v\u00e6rste minne med papir fanzina?<\/p>\n\n\n\n<p>Det var helt krise n\u00e5r jeg hadde henta en kasse med 100 nye fanziner og skulle virkelig selge unna og ble m\u00f8tt med et regn s\u00e5 episk at jeg solgte 8 stk og sto igjen med ei kasse pappmach\u00e8! Fy faen da revurderte jeg hele opplegget.&nbsp;<\/p>\n\n\n\n<p>Husker man f\u00f8rste fotball fanzine man kj\u00f8pte og hva er s\u00e5 fantastisk med det?<\/p>\n\n\n\n<p>Ikke bestemt den f\u00f8rste, nei. Men jeg var veldig opptatt av fanziner, og kj\u00f8pte alltid andre lags fanziner n\u00e5r jeg var p\u00e5 tur, eller n\u00e5r J\u00f8rund hadde f\u00e5tt tak i noen til Sjappa.<\/p>\n\n\n\n<p>Mange misforst\u00e5r&nbsp; forskjellen p\u00e5 fanzine og kampdagsfanzine. Kan man f\u00e5 en forklaring?<\/p>\n\n\n\n<p>Ei kampdagsfanzine&nbsp;er jo bare noen f\u00e5 sider og handler stort sett om dagens kamp, en slags supporterprogram.&nbsp;Ei fanzine er tjukkere og har et mye mer variert innhold som reiseskildiringer,&nbsp;kommentarer, tifo tilskuertall, alt mulig fotballrelatert.&nbsp;<\/p>\n\n\n\n<p>Stickers sesongen n\u00e6rmer seg ogs\u00e5, kommer det noen nytt til seriestart?<\/p>\n\n\n\n<p>Ja! noen nye har allerede kommet, jeg har noen riktig fine til salgs n\u00e5. Blant annet et s\u00f8lvfarget \u00d8stblokka-motiv. Meget happy med det.&nbsp;<\/p>\n\n\n\n<p>Har man regnet p\u00e5 ca hvor mye penger man har donert bort av overskuddet?<\/p>\n\n\n\n<p>Nei, det har jeg ikke. Det er ikke s\u00e5 mye inntjening men jeg gir penger til Enga tifo.&nbsp;Jeg har ogs\u00e5 brukt noe p\u00e5 \u00e5 dekke utgifter til podcasten, reising, mat og s\u00e5nne ting. Jeg blir ikke feit av det, men dekker utgiftene for \u00e5 kunne lage en s\u00e5 god pod som mulig.&nbsp;<\/p>\n\n\n\n<p>Hvem pleier \u00e5 f\u00e5 penger?<\/p>\n\n\n\n<p>Enga tifo<\/p>\n\n\n\n<p>Man feirer en seier, hva velges i glasset da?<\/p>\n\n\n\n<p>Da velger jeg det som kommer. Som det ble sagt i gamle dager &laquo;A full bottle in front of me, and a full frontal lobotomy&raquo;&nbsp;<\/p>\n\n\n\n<p>Takk for intervjuet og lykke til videre.&nbsp;<\/p>\n\n\n\n<p>Takk sj\u00f8l, rumpeh\u00f8l!&nbsp;<\/p>\n","protected":false},"excerpt":{"rendered":"<p>Hvem er det som st\u00e5r bak lyd fanzina Stang Ut? Det er Lars Schou og meg selv, Jon Hern\u00e6s Holdt ikke bare med papir fanzine, men ogs\u00e5 en podcast om V\u00e5lerenga og tribunekultur? Du kan si at podcasten p\u00e5 mange m\u00e5ter er v\u00e5r tids fanzine. Det er relatisvt&nbsp;enkelt \u00e5 lage, og i en \u00f8konomisk st\u00f8rrelse [&hellip;]<\/p>\n","protected":false},"author":2,"featured_media":0,"comment_status":"closed","ping_status":"open","sticky":false,"template":"","format":"standard","meta":{"footnotes":""},"categories":[2],"tags":[],"class_list":["post-1054","post","type-post","status-publish","format-standard","hentry","category-supporterlivet"],"_links":{"self":[{"href":"https:\/\/evd.fanzine.no\/index.php\/wp-json\/wp\/v2\/posts\/1054","targetHints":{"allow":["GET"]}}],"collection":[{"href":"https:\/\/evd.fanzine.no\/index.php\/wp-json\/wp\/v2\/posts"}],"about":[{"href":"https:\/\/evd.fanzine.no\/index.php\/wp-json\/wp\/v2\/types\/post"}],"author":[{"embeddable":true,"href":"https:\/\/evd.fanzine.no\/index.php\/wp-json\/wp\/v2\/users\/2"}],"replies":[{"embeddable":true,"href":"https:\/\/evd.fanzine.no\/index.php\/wp-json\/wp\/v2\/comments?post=1054"}],"version-history":[{"count":1,"href":"https:\/\/evd.fanzine.no\/index.php\/wp-json\/wp\/v2\/posts\/1054\/revisions"}],"predecessor-version":[{"id":1055,"href":"https:\/\/evd.fanzine.no\/index.php\/wp-json\/wp\/v2\/posts\/1054\/revisions\/1055"}],"wp:attachment":[{"href":"https:\/\/evd.fanzine.no\/index.php\/wp-json\/wp\/v2\/media?parent=1054"}],"wp:term":[{"taxonomy":"category","embeddable":true,"href":"https:\/\/evd.fanzine.no\/index.php\/wp-json\/wp\/v2\/categories?post=1054"},{"taxonomy":"post_tag","embeddable":true,"href":"https:\/\/evd.fanzine.no\/index.php\/wp-json\/wp\/v2\/tags?post=1054"}],"curies":[{"name":"wp","href":"https:\/\/api.w.org\/{rel}","templated":true}]}}