{"id":1052,"date":"2026-03-11T18:49:51","date_gmt":"2026-03-11T17:49:51","guid":{"rendered":"https:\/\/evd.fanzine.no\/?p=1052"},"modified":"2026-03-11T18:49:51","modified_gmt":"2026-03-11T17:49:51","slug":"intervju-med-styrmann-han-er-en-av-tre-som-star-bak-stabaek-podcasten-kikkertsvingen","status":"publish","type":"post","link":"https:\/\/evd.fanzine.no\/index.php\/2026\/03\/11\/intervju-med-styrmann-han-er-en-av-tre-som-star-bak-stabaek-podcasten-kikkertsvingen\/","title":{"rendered":"INTERVJU MED STYRMANN. HAN ER EN AV TRE SOM ST\u00c5R BAK STAB\u00c6K PODCASTEN KIKKERTSVINGEN."},"content":{"rendered":"\n<p>Hvem st\u00e5r bak \u00a0podcasten Kikkertsvingen?.<br><br>Det er Mehran, som utfordret klubben p\u00e5 et m\u00f8te tidlig h\u00f8st 2023 og s\u00e5 ble utfordret tilbake om \u00e5 starte en supporterpodcast.\u00a0<br><br>Hvorfor akkurat det navnet \u00a0p\u00e5 en podcast?<br><br>Det er en hyllest til den gamle Kikkertsvingen\/Klokkesvingen p\u00e5 Nadderud.\u00a0<br><br>Hvordan er responsen p\u00e5 podcasten, v\u00e6rt?<br><br>Jeg vil si den har v\u00e6rt 98% positiv og s\u00e5 er det alltid noen som vil klage p\u00e5 et eller annet.\u00a0<br><br>Nevn 3 gode grunner til hvorfor man skal lytte til denne podcasten?<br><br>For \u00e5 h\u00f8re 3 engasjerte supportere synse om v\u00e5r ganske vakre klubb.\u00a0<br><br>Selger dere merch, eller kan man st\u00f8tte dere \u00f8komisk?<br><br>Vi selger ikke merch, men kan st\u00f8ttes p\u00e5 Vipps. Bare s\u00f8k etter Kikkertsvingen.\u00a0<br><br>Hvilket plattformer kan man eventuelt lytte til dere?\u00a0<br><br>Vi skal finnes p\u00e5 de aller fleste. Spotify, Apple, Acast osv.\u00a0<br><br>Beste\/V\u00e6rste minne med podcasten?<br><br>Den elendige rekken under W\u00e5lemark og BH Riise i fjor. Det gikk hardt utover den mentale helsen.\u00a0<br><br>Er det lett eller vanskelig \u00e5 f\u00e5 noen fra klubben som gjester eller prate?<br><br>Det er ganske lett vil jeg si. Klubben har v\u00e6rt greie med oss. Men s\u00e5 er det alltid en avveining om hvor mange gjester man skal ha. Vi er ikke en intervju-pod.\u00a0<br><br>Tips til andre som eventuelt vil starte opp en podcast?<br><br>Om du f\u00f8ler du har noe \u00e5 si, som ikke allerede er sagt, eller en ny vinkel p\u00e5 ting s\u00e5 kj\u00f8r p\u00e5. Men v\u00e6r obs p\u00e5 bra utstyr. For meg er d\u00e5rlig lydkvalitet en turn-off uansett innhold.\u00a0<br><br>Lytter man til andre podcaster om fotball som kan anbefales?<br><br>F\u00e6rre en f\u00f8r. Lyttet til Startenpod, Stang ut, Harde Mottak, men n\u00e5 er ikke de relevante lenger. Har sluttet helt med podder om internasjonal fotball, med Dritte Halbzeit som hederlig unntak. Ellers lytter jeg til Kald Kaffe og Pyro &amp; Pivo, men mer avhengig av hvem som er gjest.\u00a0<br><br>Gleder man seg til Nye Nadderud \u00e5pner?<br><br>Som et lite barn som f\u00e5r v\u00e6re med pappa p\u00e5 kamp for f\u00f8rste gang og er lovet is og brus i tillegg.\u00a0<br><br>Seter fra gamle stadion kan man f\u00e5 tak i, hvor mange skal Kikkertsvingen hamstre da?<br><br>Tror det blir null. De skal f\u00f8rst og fremst til andre klubber som trenger virker det som.\u00a0<br><br>Tanker om \u00e5rets sesong, blir det topp 6 p\u00e5 Stab\u00e6k i \u00e5r?<br><br>Jeg ville v\u00e6rt veldig forn\u00f8yd med topp-6. Forventer ikke opprykk, men god fremgang fra fjor\u00e5rets annus horribilis maximus.\u00a0<br><br>Hva velger man i glasset ved en seier?<br><br>Det m\u00e5 bli en passe temperert tysk helles.\u00a0<br><br>Hvor er Kikkertsvingen som podcast om 5 \u00e5r?<br><br>Forh\u00e5pentligvis ikke lagt inn p\u00e5 tvunget psykisk helsevern, men fortsatt i gratis. <br><\/p>\n\n\n\n<p>Takk for intervjuet og lykke til videre.<\/p>\n","protected":false},"excerpt":{"rendered":"<p>Hvem st\u00e5r bak \u00a0podcasten Kikkertsvingen?. Det er Mehran, som utfordret klubben p\u00e5 et m\u00f8te tidlig h\u00f8st 2023 og s\u00e5 ble utfordret tilbake om \u00e5 starte en supporterpodcast.\u00a0 Hvorfor akkurat det navnet \u00a0p\u00e5 en podcast? Det er en hyllest til den gamle Kikkertsvingen\/Klokkesvingen p\u00e5 Nadderud.\u00a0 Hvordan er responsen p\u00e5 podcasten, v\u00e6rt? Jeg vil si den har [&hellip;]<\/p>\n","protected":false},"author":2,"featured_media":0,"comment_status":"closed","ping_status":"open","sticky":false,"template":"","format":"standard","meta":{"footnotes":""},"categories":[2],"tags":[],"class_list":["post-1052","post","type-post","status-publish","format-standard","hentry","category-supporterlivet"],"_links":{"self":[{"href":"https:\/\/evd.fanzine.no\/index.php\/wp-json\/wp\/v2\/posts\/1052","targetHints":{"allow":["GET"]}}],"collection":[{"href":"https:\/\/evd.fanzine.no\/index.php\/wp-json\/wp\/v2\/posts"}],"about":[{"href":"https:\/\/evd.fanzine.no\/index.php\/wp-json\/wp\/v2\/types\/post"}],"author":[{"embeddable":true,"href":"https:\/\/evd.fanzine.no\/index.php\/wp-json\/wp\/v2\/users\/2"}],"replies":[{"embeddable":true,"href":"https:\/\/evd.fanzine.no\/index.php\/wp-json\/wp\/v2\/comments?post=1052"}],"version-history":[{"count":1,"href":"https:\/\/evd.fanzine.no\/index.php\/wp-json\/wp\/v2\/posts\/1052\/revisions"}],"predecessor-version":[{"id":1053,"href":"https:\/\/evd.fanzine.no\/index.php\/wp-json\/wp\/v2\/posts\/1052\/revisions\/1053"}],"wp:attachment":[{"href":"https:\/\/evd.fanzine.no\/index.php\/wp-json\/wp\/v2\/media?parent=1052"}],"wp:term":[{"taxonomy":"category","embeddable":true,"href":"https:\/\/evd.fanzine.no\/index.php\/wp-json\/wp\/v2\/categories?post=1052"},{"taxonomy":"post_tag","embeddable":true,"href":"https:\/\/evd.fanzine.no\/index.php\/wp-json\/wp\/v2\/tags?post=1052"}],"curies":[{"name":"wp","href":"https:\/\/api.w.org\/{rel}","templated":true}]}}