{"id":1049,"date":"2026-03-11T16:56:33","date_gmt":"2026-03-11T15:56:33","guid":{"rendered":"https:\/\/evd.fanzine.no\/?p=1049"},"modified":"2026-03-11T17:00:01","modified_gmt":"2026-03-11T16:00:01","slug":"intervju-med-valerenga-supporter-om-sesongen-2026","status":"publish","type":"post","link":"https:\/\/evd.fanzine.no\/index.php\/2026\/03\/11\/intervju-med-valerenga-supporter-om-sesongen-2026\/","title":{"rendered":"INTERVJU MED V\u00c5LERENGA SUPPORTER  ARILD OM SESONGEN 2026."},"content":{"rendered":"\n<p>For de uvitende leser, hvem er Arild?<\/p>\n\n\n\n<p>Har skrevet 5 b\u00f8ker om V\u00e5lerenga &#8211;&nbsp;tre \u201dEnga&nbsp;Inside\u201d,&nbsp;intervjuboka \u201dHenger\u2019n, Bruno og Bonden\u201d + ungdomsboka \u00abHistorien om VIF\u00bb.&nbsp;Har v\u00e6rt redakt\u00f8r av musikkavisa PULS siden midt p\u00e5 80-tallet, og er privilegert nok til \u00e5 ha fast spalte i Klassekampen \u2013 \u00abR\u00f8nsen p\u00e5 fredag\u00bb.<\/p>\n\n\n\n<p>Ny sesong er bare dager unna, gleder man seg til seriestart?<\/p>\n\n\n\n<p>Veldig! Lenge siden Enga har sett s\u00e5 bra ut. Ikke minst, en fantastisk bredde i troppen. 20 mann som er omtrent like gode, hvilket betyr veldig gode treninger.<\/p>\n\n\n\n<p>Hvordan tror du V\u00e5lerenga gj\u00f8r det denne sesongen?<\/p>\n\n\n\n<p>Vi blir topp 4, og dermed klar for Europa neste \u00e5r.<\/p>\n\n\n\n<p>Noen spillere man b\u00f8r ha ett ekstra \u00f8ye p\u00e5 denne sesongen?<\/p>\n\n\n\n<p>Gabriel&nbsp;Rajcovic, selvf\u00f8lgelig \u2013 antageligvis det st\u00f8rste talentet i V\u00e5lerengas historie. S\u00e5 har jeg veldig tro p\u00e5 en solid midtbane, ikke minst&nbsp;har jeg forventninger til&nbsp;Magnus Westergaard. I det hele tatt \u2013 v\u00e5rt \u00abdanske hold\u00bb er&nbsp;p\u00e5 alle vis en berikelse for klubben!<\/p>\n\n\n\n<p>Nevn 3 gode grunner til at man skal ta turen til Valle for \u00e5 se match i \u00e5r?<\/p>\n\n\n\n<p>Et helvetes liv p\u00e5 \u00d8stblokka \u2013&nbsp;Intility&nbsp;skal bli v\u00e5rt fort \u2013 Til det trengs folk! Mye folk p\u00e5 tribunen!<\/p>\n\n\n\n<p>Du har lagd klassikeren, Hva gj\u00f8r vi n\u00e5 V\u00e5lerenga, har du lagd flere l\u00e5ter om V\u00e5lerenga?<\/p>\n\n\n\n<p>Nei \u2013 og det er ikke s\u00e5 enkelt, ikke etter at Trond Engebretsen leverte \u00abKjerka\u00bb.<\/p>\n\n\n\n<p>Din favoritt V\u00e5lerenga l\u00e5t?<\/p>\n\n\n\n<p>Det m\u00e5 nesten bli \u00abHva gj\u00f8r vi n\u00e5, V\u00e5lerenga\u00bb.&nbsp;Spiller den hver gang jeg opptrer med Evig Ung Trio! En klar publikumsfavoritt, m\u00e5 det v\u00e6re lov \u00e5 si.<\/p>\n\n\n\n<p>Du har fulgt V\u00e5lerenga noen 10 \u00e5r, kan man f\u00e5 din 11 beste, formasjon velger du selv?<\/p>\n\n\n\n<p>Oj&nbsp;\u2026 Arni Gautur Arason&nbsp;\u2013&nbsp;Kjetil W\u00e6hler, Erik \u00abPanzer\u00bb Hagen, Stefan Strandberg &#8211;&nbsp;Terje Hellerud,&nbsp;Leif Eriksen, Daniel Fredheim Holm, Christian Grindheim,&nbsp;Brice&nbsp;Ambina&nbsp;&#8211; Einar Bruno&nbsp;Larsen, Odd Iversen<\/p>\n\n\n\n<p>Gammal Old boys spiller, blir det noe G\u00e5 fotball i V\u00e5lerenga p\u00e5 deg?<\/p>\n\n\n\n<p>Ja, har hatt tr\u00f8bbel med kn\u00e6rne og er nettopp operert for brokk. Men n\u00e5 er jeg i gang igjen!<\/p>\n\n\n\n<p>Du feirer en V\u00e5lerenga seier, hva velger du i glasset da?<\/p>\n\n\n\n<p>Fram til n\u00e5: \u00d8l, \u00f8l og atter \u00f8l. Men betennelse i bukspyttkjertelen var ingen sp\u00f8k. Aldri mer alkohol p\u00e5 meg!Alkofri Schous!<\/p>\n\n\n\n<p>Hvor er V\u00e5lerenga som klubb om 5 \u00e5r?<\/p>\n\n\n\n<p>Om vi f\u00f8lger trenden jeg tror vi setter i \u00e5r, vil vi om fem \u00e5r v\u00e6re etablert i toppen av norsk fotball. Skal kjempe om b\u00e5de cup- og seriegull. Og Europa? For det er dit vi m\u00e5. Vel, vi ser hva Bod\u00f8\/Glimt har f\u00e5tt til. Der m\u00e5 lista ligge.<\/p>\n\n\n\n<p>Takk for intervjuet og lykke til med sesongen.&nbsp;<\/p>\n","protected":false},"excerpt":{"rendered":"<p>For de uvitende leser, hvem er Arild? Har skrevet 5 b\u00f8ker om V\u00e5lerenga &#8211;&nbsp;tre \u201dEnga&nbsp;Inside\u201d,&nbsp;intervjuboka \u201dHenger\u2019n, Bruno og Bonden\u201d + ungdomsboka \u00abHistorien om VIF\u00bb.&nbsp;Har v\u00e6rt redakt\u00f8r av musikkavisa PULS siden midt p\u00e5 80-tallet, og er privilegert nok til \u00e5 ha fast spalte i Klassekampen \u2013 \u00abR\u00f8nsen p\u00e5 fredag\u00bb. Ny sesong er bare dager unna, gleder [&hellip;]<\/p>\n","protected":false},"author":2,"featured_media":0,"comment_status":"closed","ping_status":"open","sticky":false,"template":"","format":"standard","meta":{"footnotes":""},"categories":[2],"tags":[],"class_list":["post-1049","post","type-post","status-publish","format-standard","hentry","category-supporterlivet"],"_links":{"self":[{"href":"https:\/\/evd.fanzine.no\/index.php\/wp-json\/wp\/v2\/posts\/1049","targetHints":{"allow":["GET"]}}],"collection":[{"href":"https:\/\/evd.fanzine.no\/index.php\/wp-json\/wp\/v2\/posts"}],"about":[{"href":"https:\/\/evd.fanzine.no\/index.php\/wp-json\/wp\/v2\/types\/post"}],"author":[{"embeddable":true,"href":"https:\/\/evd.fanzine.no\/index.php\/wp-json\/wp\/v2\/users\/2"}],"replies":[{"embeddable":true,"href":"https:\/\/evd.fanzine.no\/index.php\/wp-json\/wp\/v2\/comments?post=1049"}],"version-history":[{"count":2,"href":"https:\/\/evd.fanzine.no\/index.php\/wp-json\/wp\/v2\/posts\/1049\/revisions"}],"predecessor-version":[{"id":1051,"href":"https:\/\/evd.fanzine.no\/index.php\/wp-json\/wp\/v2\/posts\/1049\/revisions\/1051"}],"wp:attachment":[{"href":"https:\/\/evd.fanzine.no\/index.php\/wp-json\/wp\/v2\/media?parent=1049"}],"wp:term":[{"taxonomy":"category","embeddable":true,"href":"https:\/\/evd.fanzine.no\/index.php\/wp-json\/wp\/v2\/categories?post=1049"},{"taxonomy":"post_tag","embeddable":true,"href":"https:\/\/evd.fanzine.no\/index.php\/wp-json\/wp\/v2\/tags?post=1049"}],"curies":[{"name":"wp","href":"https:\/\/api.w.org\/{rel}","templated":true}]}}