{"id":1047,"date":"2026-03-10T15:47:03","date_gmt":"2026-03-10T14:47:03","guid":{"rendered":"https:\/\/evd.fanzine.no\/?p=1047"},"modified":"2026-03-10T15:47:03","modified_gmt":"2026-03-10T14:47:03","slug":"intervju-med-tom-han-er-en-av-to-podcastverter-i-start-en-pod","status":"publish","type":"post","link":"https:\/\/evd.fanzine.no\/index.php\/2026\/03\/10\/intervju-med-tom-han-er-en-av-to-podcastverter-i-start-en-pod\/","title":{"rendered":"INTERVJU MED TOM. HAN ER EN AV TO PODCASTVERTER I START EN POD."},"content":{"rendered":"\n<p>Hvem st\u00e5r bak podcasten Start En Pod?<br><strong>Tom Iversen &amp; Lars Martin Gimse<\/strong><\/p>\n\n\n\n<p>Hvorfor akkurat en podcast om Start?<br><strong>Fordi ved siden av egen famile&nbsp;er Start det vi bryr oss mest om. Noen vil hevde det er helt vanvittig og vi er enige med dem.<\/strong><\/p>\n\n\n\n<p>Hvordan har tilbakemeldinger p\u00e5 podcasten v\u00e6rt?<\/p>\n\n\n\n<p><strong>Den har (nesten) v\u00e6rt utelukkende positiv. Vi tror vi kom inn som et friskt pust i en tid hvor interessen for Start var p\u00e5 et bunnpunkt. Har siden f\u00e5tt et meget h\u00f8yt og stabilt publikum.<\/strong><\/p>\n\n\n\n<p>Hvilket plattformer finner man podcasten?<\/p>\n\n\n\n<p><strong>Den finnes p\u00e5 Spotify og andre steder hvor man kan lytte til podcast. I tillegg legger vi ut noe innhold p\u00e5 andre sosiale plattformer. Men vi er faktisk ikke p\u00e5 LinkedIn.<\/strong><\/p>\n\n\n\n<p>Kan man som lytter st\u00f8tte podcasten med en slant \u00f8konomisk?<br><strong>Vi gj\u00f8r dette helt gratis naturligvis, men setter pris p\u00e5 sponsing og st\u00f8tte gjennom Patreons. Bare \u00e5 s\u00f8ke opp &laquo;Start En Pod&raquo; og bli med. Det setter vi um\u00e5telig stor pris p\u00e5.<\/strong><\/p>\n\n\n\n<p>Du har imponerede 143 av 143 episoder, beste\/v\u00e6rste minne med podcasten?<br><strong>Pluss moms, som Gimse liker \u00e5 si. Joda, det har blitt noen episoder og har jo blitt en &laquo;greie&raquo; at jeg har v\u00e6rt med i hver eneste. Helt sikkert til irritasjon for enkelte lyttere ogs\u00e5.<br>Jeg er av typen som har mange ideer om hvordan podcasten skal v\u00e6re og sammen med Gimse har vi funnet en veldig fin samarbeidsform.<br>Beste minne m\u00e5 nok v\u00e6re en av v\u00e5re live-show sommerstid i Kristiansand. Vi har hatt 25 grader og str\u00e5lende solskinn hver gang. I tillegg har vi hatt noen veldig interessante gjester opp gjennom \u00e5rene som. Episoden med Tom Nordlie hvor vi gikk gjennom hans tid i Start var i s\u00e5 m\u00e5te veldig interessant. Det samme kan sies om episoden med Bernt Hulsker i hans retur til norsk offentlighet etter en tid hvor han helt rettmessig var kansellert. En varm, god og kj\u00e6rlig Bernt i studio om alt fra livet til Start-tiden sin.<br>Men de beste minnene er nok de som for de fleste ikke oppleves spesielle, nemlig dem hvor dynamikken og tematikken funker bra for meg og Gimse.<br><br>Det verste minnet er definitivt da vi hadde tidligere sportssjef Tor Kristian Karlsen som gjest i en tidlig episode. Uten \u00e5 g\u00e5 inn p\u00e5 akkurat hvorfor, s\u00e5 er det den eneste episoden jeg aldri har h\u00f8rt om igjen i ettertid.<\/strong><\/p>\n\n\n\n<p>Nevn 3 gode grunner til hvorfor man skal lytte til podcasten?<br><strong>Du f\u00e5r et perspektiv p\u00e5 klubben sett fra et supporters st\u00e5sted uten filer og hensyn til &laquo;v\u00e6r varsom&raquo;-plakaten.<br>Vi har faste spalter som gir en gjenkjennelse fra episode til episode.<br>ALT handler om IK Start (og litt om Gimse sin grandtante som har bursdag).<\/strong><\/p>\n\n\n\n<p>Lytter man til andre podcaster om fotball og noen du kan anbefale leserne?<br><strong>Personlig h\u00f8rer jeg kun p\u00e5 den andre podcasten (FVN).<br>Men n\u00e5 som vi skal pr\u00f8ve oss i Eliteserien blir det nok \u00e5 lytte p\u00e5 en og annen Eliteserie-podcast for \u00e5 oppdatere meg.<\/strong><\/p>\n\n\n\n<p>I skrivende stund ikke mange dager til seriestart. Gleder man seg til seriestart?.&nbsp;<br><strong>Man gleder seg til igjen \u00e5 st\u00e5 skulder ved skulder med sine meningsfeller. Utover det ikke s\u00e5 mye. Dessverre.<\/strong><\/p>\n\n\n\n<p>Mange d\u00f8mmer IK Start rett ned igjen. Hvor tror du Ik Start havner?<br><strong>Rett ned igjen&#8230;.<\/strong><\/p>\n\n\n\n<p>Hvilket kamper gleder du deg mest til?<br><strong>Det blir fint \u00e5 m\u00f8te Vi*ing igjen. Det gj\u00f8r det.<br>S\u00e5 kan det bli interessant og se hvor mye vi taper mot Gevir\/Bod\u00f8.<\/strong><\/p>\n\n\n\n<p>Noen Ik Start spillere man b\u00f8r ha ett ekstra \u00f8ye p\u00e5&nbsp; denne sesongen?<br><strong>Felix Kutche Eriksen kunne blitt helt til klubben valgte \u00e5 l\u00e5ne han ut til \u00c6rendal&nbsp;(?!).<br>Hold ellers et \u00f8ye med &laquo;pojken med bollen&raquo; Tom Stranneg\u00e5&#8230;. nei han ble solgt kun dager f\u00f8r seriestart.<br><br>Da m\u00e5 det bli kaptein Eirik Schulze. St\u00e5tt i stormen alle disse \u00e5rene nede i gj\u00f8rma<\/strong>.<\/p>\n\n\n\n<p>Du feirer en seier, hva velger du i glasset da?.<br><strong>\u00d8l.&nbsp;<\/strong><\/p>\n\n\n\n<p>Hvor er IK Start og Start En Podcast om 5 \u00e5r?<br><strong>Vi er definitivt p\u00e5 samme sted.&nbsp;Start er enten i europa eller p\u00e5 vei opp divisjonene i Norge.<br>Start En Pod er med om ikke hjerte og karsykdommene tar oss.<\/strong><\/p>\n\n\n\n<p><\/p>\n\n\n\n<p>Takk for intervjuet og lykke til videre. <\/p>\n","protected":false},"excerpt":{"rendered":"<p>Hvem st\u00e5r bak podcasten Start En Pod?Tom Iversen &amp; Lars Martin Gimse Hvorfor akkurat en podcast om Start?Fordi ved siden av egen famile&nbsp;er Start det vi bryr oss mest om. Noen vil hevde det er helt vanvittig og vi er enige med dem. Hvordan har tilbakemeldinger p\u00e5 podcasten v\u00e6rt? Den har (nesten) v\u00e6rt utelukkende positiv. [&hellip;]<\/p>\n","protected":false},"author":2,"featured_media":0,"comment_status":"closed","ping_status":"open","sticky":false,"template":"","format":"standard","meta":{"footnotes":""},"categories":[2],"tags":[],"class_list":["post-1047","post","type-post","status-publish","format-standard","hentry","category-supporterlivet"],"_links":{"self":[{"href":"https:\/\/evd.fanzine.no\/index.php\/wp-json\/wp\/v2\/posts\/1047","targetHints":{"allow":["GET"]}}],"collection":[{"href":"https:\/\/evd.fanzine.no\/index.php\/wp-json\/wp\/v2\/posts"}],"about":[{"href":"https:\/\/evd.fanzine.no\/index.php\/wp-json\/wp\/v2\/types\/post"}],"author":[{"embeddable":true,"href":"https:\/\/evd.fanzine.no\/index.php\/wp-json\/wp\/v2\/users\/2"}],"replies":[{"embeddable":true,"href":"https:\/\/evd.fanzine.no\/index.php\/wp-json\/wp\/v2\/comments?post=1047"}],"version-history":[{"count":1,"href":"https:\/\/evd.fanzine.no\/index.php\/wp-json\/wp\/v2\/posts\/1047\/revisions"}],"predecessor-version":[{"id":1048,"href":"https:\/\/evd.fanzine.no\/index.php\/wp-json\/wp\/v2\/posts\/1047\/revisions\/1048"}],"wp:attachment":[{"href":"https:\/\/evd.fanzine.no\/index.php\/wp-json\/wp\/v2\/media?parent=1047"}],"wp:term":[{"taxonomy":"category","embeddable":true,"href":"https:\/\/evd.fanzine.no\/index.php\/wp-json\/wp\/v2\/categories?post=1047"},{"taxonomy":"post_tag","embeddable":true,"href":"https:\/\/evd.fanzine.no\/index.php\/wp-json\/wp\/v2\/tags?post=1047"}],"curies":[{"name":"wp","href":"https:\/\/api.w.org\/{rel}","templated":true}]}}